{"id":103,"date":"2017-05-30T12:09:02","date_gmt":"2017-05-30T10:09:02","guid":{"rendered":"https:\/\/www.e-nemeckeck.cz\/blog\/?p=103"},"modified":"2017-05-30T12:09:02","modified_gmt":"2017-05-30T10:09:02","slug":"10-620-ostrov-rhodos-all-inclusive","status":"publish","type":"post","link":"https:\/\/www.e-nemeckeck.cz\/blog\/2017\/05\/10-620-ostrov-rhodos-all-inclusive\/","title":{"rendered":"10.620,- ostrov Rhodos s all inclusive"},"content":{"rendered":"<p><img loading=\"lazy\" decoding=\"async\" class=\"alignnone size-full wp-image-104\" src=\"https:\/\/www.e-nemeckeck.cz\/blog\/wp-content\/uploads\/2017\/05\/10620-ostrov-rhodos-s-all-inclusive.jpg\" alt=\"\" width=\"800\" height=\"600\" srcset=\"https:\/\/www.e-nemeckeck.cz\/blog\/wp-content\/uploads\/2017\/05\/10620-ostrov-rhodos-s-all-inclusive.jpg 800w, https:\/\/www.e-nemeckeck.cz\/blog\/wp-content\/uploads\/2017\/05\/10620-ostrov-rhodos-s-all-inclusive-300x225.jpg 300w, https:\/\/www.e-nemeckeck.cz\/blog\/wp-content\/uploads\/2017\/05\/10620-ostrov-rhodos-s-all-inclusive-768x576.jpg 768w\" sizes=\"auto, (max-width: 800px) 100vw, 800px\" \/><\/p>\n<p>Ostrov <a href=\"https:\/\/www.e-nemeckeck.cz\/dovolena\/recke-ostrovy-a-kypr\/rhodos\">Rhodos<\/a>, <strong>Faliraki<\/strong> s all inclusive <a href=\"https:\/\/www.e-nemeckeck.cz\/dovolena\/recke-ostrovy-a-kypr\/rhodos\/faliraki\/hotel-evi\/termin?termin=598882038&amp;dite1=0&amp;dite2=0\">10.620,-<\/a>. Term\u00edn 6.6. &#8211; 13.6.2017, odlet V\u00edde\u0148.<\/p>\n<p><a href=\"https:\/\/www.e-nemeckeck.cz\/dovolena\/recke-ostrovy-a-kypr\/rhodos\/faliraki\/hotel-evi?co=terminy#zalozky\">Hotel Evi ***<\/a> se nach\u00e1z\u00ed jen nedaleko od \u017eiv\u00e9ho centra Faliraki, kde jsou restaurace, bary a no\u010dn\u00ed kluby.<\/p>\n<p>Dlouh\u00e1 <strong>p\u00edse\u010dn\u00e1 pl\u00e1\u017ee<\/strong> se nach\u00e1z\u00ed cca 800 metr\u016f. Venku se nach\u00e1z\u00ed velk\u00fd baz\u00e9n a samostatn\u00fd d\u011btsk\u00fd baz\u00e9n. U baz\u00e9nu jsou k dispozici slune\u010dn\u00edky a leh\u00e1tka.<\/p>\n<p>Ka\u017ed\u00e9 dva t\u00fddny se po\u0159\u00e1daj\u00ed \u0159eck\u00e9 ve\u010dery s folkl\u00f3rem.<\/p>\n","protected":false},"excerpt":{"rendered":"<p>Ostrov Rhodos, Faliraki s all inclusive 10.620,-. Term\u00edn 6.6. &#8211; 13.6.2017, odlet V\u00edde\u0148. Hotel Evi *** se nach\u00e1z\u00ed jen nedaleko od \u017eiv\u00e9ho centra Faliraki, kde jsou restaurace, bary a no\u010dn\u00ed kluby. Dlouh\u00e1 p\u00edse\u010dn\u00e1 pl\u00e1\u017ee se nach\u00e1z\u00ed cca 800 metr\u016f. Venku se nach\u00e1z\u00ed velk\u00fd baz\u00e9n a samostatn\u00fd d\u011btsk\u00fd baz\u00e9n. U baz\u00e9nu jsou k dispozici slune\u010dn\u00edky a &hellip; <a href=\"https:\/\/www.e-nemeckeck.cz\/blog\/2017\/05\/10-620-ostrov-rhodos-all-inclusive\/\" class=\"more-link\">Pokra\u010dov\u00e1n\u00ed textu <span class=\"screen-reader-text\">10.620,- ostrov Rhodos s all inclusive<\/span><\/a><\/p>\n","protected":false},"author":2,"featured_media":0,"comment_status":"closed","ping_status":"closed","sticky":false,"template":"","format":"standard","meta":{"footnotes":""},"categories":[4],"tags":[],"class_list":["post-103","post","type-post","status-publish","format-standard","hentry","category-last-minute-a-jine"],"_links":{"self":[{"href":"https:\/\/www.e-nemeckeck.cz\/blog\/wp-json\/wp\/v2\/posts\/103","targetHints":{"allow":["GET"]}}],"collection":[{"href":"https:\/\/www.e-nemeckeck.cz\/blog\/wp-json\/wp\/v2\/posts"}],"about":[{"href":"https:\/\/www.e-nemeckeck.cz\/blog\/wp-json\/wp\/v2\/types\/post"}],"author":[{"embeddable":true,"href":"https:\/\/www.e-nemeckeck.cz\/blog\/wp-json\/wp\/v2\/users\/2"}],"replies":[{"embeddable":true,"href":"https:\/\/www.e-nemeckeck.cz\/blog\/wp-json\/wp\/v2\/comments?post=103"}],"version-history":[{"count":1,"href":"https:\/\/www.e-nemeckeck.cz\/blog\/wp-json\/wp\/v2\/posts\/103\/revisions"}],"predecessor-version":[{"id":105,"href":"https:\/\/www.e-nemeckeck.cz\/blog\/wp-json\/wp\/v2\/posts\/103\/revisions\/105"}],"wp:attachment":[{"href":"https:\/\/www.e-nemeckeck.cz\/blog\/wp-json\/wp\/v2\/media?parent=103"}],"wp:term":[{"taxonomy":"category","embeddable":true,"href":"https:\/\/www.e-nemeckeck.cz\/blog\/wp-json\/wp\/v2\/categories?post=103"},{"taxonomy":"post_tag","embeddable":true,"href":"https:\/\/www.e-nemeckeck.cz\/blog\/wp-json\/wp\/v2\/tags?post=103"}],"curies":[{"name":"wp","href":"https:\/\/api.w.org\/{rel}","templated":true}]}}