{"id":107,"date":"2017-06-02T08:53:56","date_gmt":"2017-06-02T06:53:56","guid":{"rendered":"https:\/\/www.e-nemeckeck.cz\/blog\/?p=107"},"modified":"2017-06-02T08:53:56","modified_gmt":"2017-06-02T06:53:56","slug":"ostrov-kreta-odletem-drazdan","status":"publish","type":"post","link":"https:\/\/www.e-nemeckeck.cz\/blog\/2017\/06\/ostrov-kreta-odletem-drazdan\/","title":{"rendered":"Ostrov Kr\u00e9ta s odletem z Dr\u00e1\u017e\u010fan"},"content":{"rendered":"<p><img loading=\"lazy\" decoding=\"async\" class=\"alignnone size-full wp-image-108\" src=\"https:\/\/www.e-nemeckeck.cz\/blog\/wp-content\/uploads\/2017\/06\/ostrov-kreta-s-odletem-z-drazdan.jpg\" alt=\"\" width=\"800\" height=\"600\" srcset=\"https:\/\/www.e-nemeckeck.cz\/blog\/wp-content\/uploads\/2017\/06\/ostrov-kreta-s-odletem-z-drazdan.jpg 800w, https:\/\/www.e-nemeckeck.cz\/blog\/wp-content\/uploads\/2017\/06\/ostrov-kreta-s-odletem-z-drazdan-300x225.jpg 300w, https:\/\/www.e-nemeckeck.cz\/blog\/wp-content\/uploads\/2017\/06\/ostrov-kreta-s-odletem-z-drazdan-768x576.jpg 768w\" sizes=\"auto, (max-width: 800px) 100vw, 800px\" \/><\/p>\n<p>Ostrov <a href=\"https:\/\/www.e-nemeckeck.cz\/dovolena\/recke-ostrovy-a-kypr\/kreta\">Kr\u00e9ta<\/a>, <strong>Georgioupolis<\/strong> za <a href=\"https:\/\/www.e-nemeckeck.cz\/dovolena\/recke-ostrovy-a-kypr\/kreta\/georgioupolis\/hotel-vardis-olive-garden\/termin?termin=612884552&amp;dite1=3&amp;dite2=0\">10.750,-<\/a>. Term\u00edn 5.7. &#8211; 12.7.2017 se sn\u00eddan\u00ed a odletem Dr\u00e1\u017e\u010fany.<\/p>\n<p>Hotel <a href=\"https:\/\/www.e-nemeckeck.cz\/dovolena\/recke-ostrovy-a-kypr\/kreta\/georgioupolis\/hotel-vardis-olive-garden?co=terminy#zalozky\">Vardis Olive Garden ***<\/a> se nach\u00e1z\u00ed v <strong>kr\u00e1sn\u00e9 zahrad\u011b<\/strong> obklopen\u00e9 rozlehl\u00fdmi olivov\u00fdmi h\u00e1ji. P\u0159ibli\u017en\u011b 800 metr\u016f od hotelu je mal\u00e1 obec Kavros, kde se nach\u00e1zej\u00ed malebn\u00e9 taverny a r\u016fzn\u00e1 n\u00e1kupn\u00ed m\u00edsta.<\/p>\n<p><strong>P\u00edse\u010dn\u00e1 pl\u00e1\u017e<\/strong> je vzd\u00e1lena cca 1,2 kilometru a je pomalu sva\u017euj\u00edc\u00ed a tak vhodn\u00e1 i pro men\u0161\u00ed d\u011bti. M\u011bsto Georgioupolis je 5 kilometr\u016f. Dobr\u00e9 autobusov\u00e9 spojen\u00ed. Doba transferu z leti\u0161t\u011b Chania je cca 50 \u2013 90 minut a z leti\u0161t\u011b Heraklion cca 100 \u2013 160 minut.<\/p>\n<p>Ubytov\u00e1n\u00ed je v okouzluj\u00edc\u00edch a vkusn\u011b za\u0159\u00edzen\u00fdch a prostorn\u00fdch studi\u00edch. V upraven\u00e9 zahrad\u011b je sladkovodn\u00ed baz\u00e9n se slune\u010dn\u00ed terasou. Leh\u00e1tka a slune\u010dn\u00edky jsou v cen\u011b.<\/p>\n","protected":false},"excerpt":{"rendered":"<p>Ostrov Kr\u00e9ta, Georgioupolis za 10.750,-. Term\u00edn 5.7. &#8211; 12.7.2017 se sn\u00eddan\u00ed a odletem Dr\u00e1\u017e\u010fany. Hotel Vardis Olive Garden *** se nach\u00e1z\u00ed v kr\u00e1sn\u00e9 zahrad\u011b obklopen\u00e9 rozlehl\u00fdmi olivov\u00fdmi h\u00e1ji. P\u0159ibli\u017en\u011b 800 metr\u016f od hotelu je mal\u00e1 obec Kavros, kde se nach\u00e1zej\u00ed malebn\u00e9 taverny a r\u016fzn\u00e1 n\u00e1kupn\u00ed m\u00edsta. P\u00edse\u010dn\u00e1 pl\u00e1\u017e je vzd\u00e1lena cca 1,2 kilometru a je &hellip; <a href=\"https:\/\/www.e-nemeckeck.cz\/blog\/2017\/06\/ostrov-kreta-odletem-drazdan\/\" class=\"more-link\">Pokra\u010dov\u00e1n\u00ed textu <span class=\"screen-reader-text\">Ostrov Kr\u00e9ta s odletem z Dr\u00e1\u017e\u010fan<\/span><\/a><\/p>\n","protected":false},"author":2,"featured_media":0,"comment_status":"closed","ping_status":"closed","sticky":false,"template":"","format":"standard","meta":{"footnotes":""},"categories":[4],"tags":[],"class_list":["post-107","post","type-post","status-publish","format-standard","hentry","category-last-minute-a-jine"],"_links":{"self":[{"href":"https:\/\/www.e-nemeckeck.cz\/blog\/wp-json\/wp\/v2\/posts\/107","targetHints":{"allow":["GET"]}}],"collection":[{"href":"https:\/\/www.e-nemeckeck.cz\/blog\/wp-json\/wp\/v2\/posts"}],"about":[{"href":"https:\/\/www.e-nemeckeck.cz\/blog\/wp-json\/wp\/v2\/types\/post"}],"author":[{"embeddable":true,"href":"https:\/\/www.e-nemeckeck.cz\/blog\/wp-json\/wp\/v2\/users\/2"}],"replies":[{"embeddable":true,"href":"https:\/\/www.e-nemeckeck.cz\/blog\/wp-json\/wp\/v2\/comments?post=107"}],"version-history":[{"count":1,"href":"https:\/\/www.e-nemeckeck.cz\/blog\/wp-json\/wp\/v2\/posts\/107\/revisions"}],"predecessor-version":[{"id":109,"href":"https:\/\/www.e-nemeckeck.cz\/blog\/wp-json\/wp\/v2\/posts\/107\/revisions\/109"}],"wp:attachment":[{"href":"https:\/\/www.e-nemeckeck.cz\/blog\/wp-json\/wp\/v2\/media?parent=107"}],"wp:term":[{"taxonomy":"category","embeddable":true,"href":"https:\/\/www.e-nemeckeck.cz\/blog\/wp-json\/wp\/v2\/categories?post=107"},{"taxonomy":"post_tag","embeddable":true,"href":"https:\/\/www.e-nemeckeck.cz\/blog\/wp-json\/wp\/v2\/tags?post=107"}],"curies":[{"name":"wp","href":"https:\/\/api.w.org\/{rel}","templated":true}]}}