{"id":111,"date":"2017-06-13T08:50:44","date_gmt":"2017-06-13T06:50:44","guid":{"rendered":"https:\/\/www.e-nemeckeck.cz\/blog\/?p=111"},"modified":"2017-06-13T08:50:44","modified_gmt":"2017-06-13T06:50:44","slug":"mauricius-polopenzi-29-970","status":"publish","type":"post","link":"https:\/\/www.e-nemeckeck.cz\/blog\/2017\/06\/mauricius-polopenzi-29-970\/","title":{"rendered":"Mauricius s polopenz\u00ed 29.970,-"},"content":{"rendered":"<p><img loading=\"lazy\" decoding=\"async\" class=\"alignnone size-full wp-image-112\" src=\"https:\/\/www.e-nemeckeck.cz\/blog\/wp-content\/uploads\/2017\/06\/mauricius-s-polopenzi.jpg\" alt=\"\" width=\"800\" height=\"600\" srcset=\"https:\/\/www.e-nemeckeck.cz\/blog\/wp-content\/uploads\/2017\/06\/mauricius-s-polopenzi.jpg 800w, https:\/\/www.e-nemeckeck.cz\/blog\/wp-content\/uploads\/2017\/06\/mauricius-s-polopenzi-300x225.jpg 300w, https:\/\/www.e-nemeckeck.cz\/blog\/wp-content\/uploads\/2017\/06\/mauricius-s-polopenzi-768x576.jpg 768w\" sizes=\"auto, (max-width: 800px) 100vw, 800px\" \/><\/p>\n<p>Osmi denn\u00ed <a href=\"https:\/\/www.e-nemeckeck.cz\/dovolena\/indicky-ocean\/mauricius-mauritius\">Mauricius<\/a>, <strong>Trou Aux Biches Piments<\/strong> s polopenz\u00ed za <a href=\"https:\/\/www.e-nemeckeck.cz\/dovolena\/indicky-ocean\/mauricius-mauritius\/trou-aux-biches-piments\/hotel-coral-azur-beach-resort\/termin?termin=599834846&amp;dite1=0&amp;dite2=0\">29.970,-<\/a>. Term\u00edn 16.6. &#8211; 24.6.2017.<\/p>\n<p>Hotel <a href=\"https:\/\/www.e-nemeckeck.cz\/dovolena\/indicky-ocean\/mauricius-mauritius\/trou-aux-biches-piments\/hotel-coral-azur-beach-resort?co=terminy#zalozky\">Coral Azur Beach Resort ***<\/a> se nach\u00e1z\u00ed p\u0159\u00edmo na mal\u00e9 a \u00fazk\u00e9 p\u00edse\u010dn\u00e9 pl\u00e1\u017ei mezi Trou aux Beches a Grand Baie. Tranfer do hotelu trv\u00e1 p\u0159ibli\u017en\u011b hodinu a p\u016fl.<\/p>\n<p>V objektu se nach\u00e1z\u00ed plaveck\u00fd baz\u00e9n a 2 v\u00ed\u0159ivky v are\u00e1lu zahrady. Mo\u017en\u00e9 i wellness a mas\u00e1\u017ee za poplatek. Ze sportovn\u00edch aktivit lze vyzkou\u0161et petanque, lukost\u0159elbu, kajak, tenis, stoln\u00ed tenis, kule\u010dn\u00edk. V pr\u016fb\u011bhu dne prob\u00edhaj\u00ed cel\u00fd den <strong>animace<\/strong>.<\/p>\n<p>Rodi\u010de mohou vyu\u017e\u00edt hl\u00edd\u00e1n\u00ed d\u011bt\u00ed a miniklub od 3 do 12 let. Pro d\u011bti k dispozici i <strong>d\u011btsk\u00e9 h\u0159i\u0161t\u011b<\/strong> a baz\u00e9n.<\/p>\n","protected":false},"excerpt":{"rendered":"<p>Osmi denn\u00ed Mauricius, Trou Aux Biches Piments s polopenz\u00ed za 29.970,-. Term\u00edn 16.6. &#8211; 24.6.2017. Hotel Coral Azur Beach Resort *** se nach\u00e1z\u00ed p\u0159\u00edmo na mal\u00e9 a \u00fazk\u00e9 p\u00edse\u010dn\u00e9 pl\u00e1\u017ei mezi Trou aux Beches a Grand Baie. Tranfer do hotelu trv\u00e1 p\u0159ibli\u017en\u011b hodinu a p\u016fl. V objektu se nach\u00e1z\u00ed plaveck\u00fd baz\u00e9n a 2 v\u00ed\u0159ivky v &hellip; <a href=\"https:\/\/www.e-nemeckeck.cz\/blog\/2017\/06\/mauricius-polopenzi-29-970\/\" class=\"more-link\">Pokra\u010dov\u00e1n\u00ed textu <span class=\"screen-reader-text\">Mauricius s polopenz\u00ed 29.970,-<\/span><\/a><\/p>\n","protected":false},"author":2,"featured_media":0,"comment_status":"closed","ping_status":"closed","sticky":false,"template":"","format":"standard","meta":{"footnotes":""},"categories":[4],"tags":[],"class_list":["post-111","post","type-post","status-publish","format-standard","hentry","category-last-minute-a-jine"],"_links":{"self":[{"href":"https:\/\/www.e-nemeckeck.cz\/blog\/wp-json\/wp\/v2\/posts\/111","targetHints":{"allow":["GET"]}}],"collection":[{"href":"https:\/\/www.e-nemeckeck.cz\/blog\/wp-json\/wp\/v2\/posts"}],"about":[{"href":"https:\/\/www.e-nemeckeck.cz\/blog\/wp-json\/wp\/v2\/types\/post"}],"author":[{"embeddable":true,"href":"https:\/\/www.e-nemeckeck.cz\/blog\/wp-json\/wp\/v2\/users\/2"}],"replies":[{"embeddable":true,"href":"https:\/\/www.e-nemeckeck.cz\/blog\/wp-json\/wp\/v2\/comments?post=111"}],"version-history":[{"count":1,"href":"https:\/\/www.e-nemeckeck.cz\/blog\/wp-json\/wp\/v2\/posts\/111\/revisions"}],"predecessor-version":[{"id":113,"href":"https:\/\/www.e-nemeckeck.cz\/blog\/wp-json\/wp\/v2\/posts\/111\/revisions\/113"}],"wp:attachment":[{"href":"https:\/\/www.e-nemeckeck.cz\/blog\/wp-json\/wp\/v2\/media?parent=111"}],"wp:term":[{"taxonomy":"category","embeddable":true,"href":"https:\/\/www.e-nemeckeck.cz\/blog\/wp-json\/wp\/v2\/categories?post=111"},{"taxonomy":"post_tag","embeddable":true,"href":"https:\/\/www.e-nemeckeck.cz\/blog\/wp-json\/wp\/v2\/tags?post=111"}],"curies":[{"name":"wp","href":"https:\/\/api.w.org\/{rel}","templated":true}]}}