{"id":115,"date":"2017-06-23T10:14:38","date_gmt":"2017-06-23T08:14:38","guid":{"rendered":"https:\/\/www.e-nemeckeck.cz\/blog\/?p=115"},"modified":"2017-06-23T10:14:38","modified_gmt":"2017-06-23T08:14:38","slug":"dovolena-nemeckou-ck","status":"publish","type":"post","link":"https:\/\/www.e-nemeckeck.cz\/blog\/2017\/06\/dovolena-nemeckou-ck\/","title":{"rendered":"Dovolen\u00e1 s n\u011bmeckou CK"},"content":{"rendered":"<p><img loading=\"lazy\" decoding=\"async\" class=\"alignnone size-full wp-image-116\" src=\"https:\/\/www.e-nemeckeck.cz\/blog\/wp-content\/uploads\/2017\/06\/karibik.jpg\" alt=\"\" width=\"800\" height=\"600\" srcset=\"https:\/\/www.e-nemeckeck.cz\/blog\/wp-content\/uploads\/2017\/06\/karibik.jpg 800w, https:\/\/www.e-nemeckeck.cz\/blog\/wp-content\/uploads\/2017\/06\/karibik-300x225.jpg 300w, https:\/\/www.e-nemeckeck.cz\/blog\/wp-content\/uploads\/2017\/06\/karibik-768x576.jpg 768w\" sizes=\"auto, (max-width: 800px) 100vw, 800px\" \/><\/p>\n<p>Porovnejte si ceny nab\u00eddek <strong>z\u00e1jezd\u016f s odletem z N\u011bmecka<\/strong>. S <a href=\"https:\/\/www.e-nemeckeck.cz\/\">n\u011bmeckou cestovn\u00ed kancel\u00e1\u0159\u00ed<\/a> lze u\u0161et\u0159it a\u017e n\u011bkolik tis\u00edc.<\/p>\n<p>Celkovou nab\u00eddku naleznete <a href=\"https:\/\/www.e-nemeckeck.cz\/dovolena-vyhledavac?advanced=0&amp;nejdriveod=26.6.2017&amp;nejpozdejido=10.9.2017&amp;osob=2&amp;dite1=0&amp;dite2=0&amp;strava=0&amp;delka=0&amp;kvalita=0&amp;objekt=\">zde<\/a>.<\/p>\n","protected":false},"excerpt":{"rendered":"<p>Porovnejte si ceny nab\u00eddek z\u00e1jezd\u016f s odletem z N\u011bmecka. S n\u011bmeckou cestovn\u00ed kancel\u00e1\u0159\u00ed lze u\u0161et\u0159it a\u017e n\u011bkolik tis\u00edc. Celkovou nab\u00eddku naleznete zde.<\/p>\n","protected":false},"author":2,"featured_media":0,"comment_status":"closed","ping_status":"closed","sticky":false,"template":"","format":"standard","meta":{"footnotes":""},"categories":[3],"tags":[],"class_list":["post-115","post","type-post","status-publish","format-standard","hentry","category-informace"],"_links":{"self":[{"href":"https:\/\/www.e-nemeckeck.cz\/blog\/wp-json\/wp\/v2\/posts\/115","targetHints":{"allow":["GET"]}}],"collection":[{"href":"https:\/\/www.e-nemeckeck.cz\/blog\/wp-json\/wp\/v2\/posts"}],"about":[{"href":"https:\/\/www.e-nemeckeck.cz\/blog\/wp-json\/wp\/v2\/types\/post"}],"author":[{"embeddable":true,"href":"https:\/\/www.e-nemeckeck.cz\/blog\/wp-json\/wp\/v2\/users\/2"}],"replies":[{"embeddable":true,"href":"https:\/\/www.e-nemeckeck.cz\/blog\/wp-json\/wp\/v2\/comments?post=115"}],"version-history":[{"count":1,"href":"https:\/\/www.e-nemeckeck.cz\/blog\/wp-json\/wp\/v2\/posts\/115\/revisions"}],"predecessor-version":[{"id":117,"href":"https:\/\/www.e-nemeckeck.cz\/blog\/wp-json\/wp\/v2\/posts\/115\/revisions\/117"}],"wp:attachment":[{"href":"https:\/\/www.e-nemeckeck.cz\/blog\/wp-json\/wp\/v2\/media?parent=115"}],"wp:term":[{"taxonomy":"category","embeddable":true,"href":"https:\/\/www.e-nemeckeck.cz\/blog\/wp-json\/wp\/v2\/categories?post=115"},{"taxonomy":"post_tag","embeddable":true,"href":"https:\/\/www.e-nemeckeck.cz\/blog\/wp-json\/wp\/v2\/tags?post=115"}],"curies":[{"name":"wp","href":"https:\/\/api.w.org\/{rel}","templated":true}]}}