{"id":121,"date":"2017-11-01T09:40:46","date_gmt":"2017-11-01T08:40:46","guid":{"rendered":"https:\/\/www.e-nemeckeck.cz\/blog\/?p=121"},"modified":"2017-11-01T09:40:46","modified_gmt":"2017-11-01T08:40:46","slug":"odpocinkova-dovolena-dubaji","status":"publish","type":"post","link":"https:\/\/www.e-nemeckeck.cz\/blog\/2017\/11\/odpocinkova-dovolena-dubaji\/","title":{"rendered":"Odpo\u010dinkov\u00e1 dovolen\u00e1 v Dubaji"},"content":{"rendered":"<p><img loading=\"lazy\" decoding=\"async\" class=\"alignnone size-full wp-image-122\" src=\"https:\/\/www.e-nemeckeck.cz\/blog\/wp-content\/uploads\/2017\/11\/odpocinkova-dovolena-v-dubaji.jpg\" alt=\"\" width=\"800\" height=\"600\" srcset=\"https:\/\/www.e-nemeckeck.cz\/blog\/wp-content\/uploads\/2017\/11\/odpocinkova-dovolena-v-dubaji.jpg 800w, https:\/\/www.e-nemeckeck.cz\/blog\/wp-content\/uploads\/2017\/11\/odpocinkova-dovolena-v-dubaji-300x225.jpg 300w, https:\/\/www.e-nemeckeck.cz\/blog\/wp-content\/uploads\/2017\/11\/odpocinkova-dovolena-v-dubaji-768x576.jpg 768w\" sizes=\"auto, (max-width: 800px) 100vw, 800px\" \/><\/p>\n<p>Exotick\u00e1 dovolen\u00e1 <strong>Dubaj<\/strong>, <a href=\"https:\/\/www.e-nemeckeck.cz\/dovolena\/dubaj-arabsky-poloostrov\">Arabsk\u00fd poloostrov<\/a>, Abu Dhabi v term\u00ednu 26.11. (ne) &#8211; 4.12. (po), 7 noc\u00ed se sn\u00eddan\u00ed za <a href=\"https:\/\/www.e-nemeckeck.cz\/dovolena\/dubaj-arabsky-poloostrov\/abu-dhabi\/abu-dhabi\/hotel-khalidiya-palace-rayhaan\/termin?termin=1103401901&amp;dite1=0&amp;dite2=0\">21.900,-<\/a>.<\/p>\n<p>Hotel <a href=\"https:\/\/www.e-nemeckeck.cz\/dovolena\/dubaj-arabsky-poloostrov\/abu-dhabi\/abu-dhabi\/hotel-khalidiya-palace-rayhaan?co=terminy#zalozky\">Khalidiya Palace Rayhaan *****<\/a> le\u017e\u00ed p\u0159\u00edmo na kr\u00e1sn\u00e9 pl\u00e1\u017ei. Centrum m\u011bsta je vzd\u00e1leno asi 3 kilometry. Hotel nab\u00edz\u00ed vstupn\u00ed halu s recepc\u00ed, n\u011bkolik restaurac\u00ed, bary, kosmetick\u00fd salon a obchod. Venku je velk\u00fd baz\u00e9n s pool barem a slune\u010dn\u00ed terasa.<\/p>\n<p>V cen\u011b je zahrnuto <strong>wellness<\/strong> jako je sauna, parn\u00ed l\u00e1ze\u0148 a whirlpool. Za poplatek mo\u017en\u00e9 mas\u00e1\u017ee v l\u00e1zn\u00edch. P\u0159ibli\u017en\u011b 200 metr\u016f dlouh\u00e1 pl\u00e1\u017e s jemn\u00fdm p\u00edskem. Leh\u00e1tka, slune\u010dn\u00edky a ru\u010dn\u00edky jsou na pl\u00e1\u017ei a baz\u00e9nu v cen\u011b.<\/p>\n<p>Sport &amp; Fitness: 2 tenisov\u00e9 kurty, 2 squashov\u00e9 kurty, stoln\u00ed tenis, modern\u00ed fitness centrum s profesion\u00e1ln\u00edmi tren\u00e9ry.<\/p>\n<p>Samostatn\u00fd d\u011btsk\u00fd baz\u00e9n, <strong>d\u011btsk\u00fd koutek<\/strong> (4-12 let \/ 9:00 do 18:00) a d\u011btsk\u00e9 h\u0159i\u0161t\u011b.<\/p>\n","protected":false},"excerpt":{"rendered":"<p>Exotick\u00e1 dovolen\u00e1 Dubaj, Arabsk\u00fd poloostrov, Abu Dhabi v term\u00ednu 26.11. (ne) &#8211; 4.12. (po), 7 noc\u00ed se sn\u00eddan\u00ed za 21.900,-. Hotel Khalidiya Palace Rayhaan ***** le\u017e\u00ed p\u0159\u00edmo na kr\u00e1sn\u00e9 pl\u00e1\u017ei. Centrum m\u011bsta je vzd\u00e1leno asi 3 kilometry. Hotel nab\u00edz\u00ed vstupn\u00ed halu s recepc\u00ed, n\u011bkolik restaurac\u00ed, bary, kosmetick\u00fd salon a obchod. Venku je velk\u00fd baz\u00e9n s &hellip; <a href=\"https:\/\/www.e-nemeckeck.cz\/blog\/2017\/11\/odpocinkova-dovolena-dubaji\/\" class=\"more-link\">Pokra\u010dov\u00e1n\u00ed textu <span class=\"screen-reader-text\">Odpo\u010dinkov\u00e1 dovolen\u00e1 v Dubaji<\/span><\/a><\/p>\n","protected":false},"author":2,"featured_media":0,"comment_status":"closed","ping_status":"closed","sticky":false,"template":"","format":"standard","meta":{"footnotes":""},"categories":[4],"tags":[],"class_list":["post-121","post","type-post","status-publish","format-standard","hentry","category-last-minute-a-jine"],"_links":{"self":[{"href":"https:\/\/www.e-nemeckeck.cz\/blog\/wp-json\/wp\/v2\/posts\/121","targetHints":{"allow":["GET"]}}],"collection":[{"href":"https:\/\/www.e-nemeckeck.cz\/blog\/wp-json\/wp\/v2\/posts"}],"about":[{"href":"https:\/\/www.e-nemeckeck.cz\/blog\/wp-json\/wp\/v2\/types\/post"}],"author":[{"embeddable":true,"href":"https:\/\/www.e-nemeckeck.cz\/blog\/wp-json\/wp\/v2\/users\/2"}],"replies":[{"embeddable":true,"href":"https:\/\/www.e-nemeckeck.cz\/blog\/wp-json\/wp\/v2\/comments?post=121"}],"version-history":[{"count":1,"href":"https:\/\/www.e-nemeckeck.cz\/blog\/wp-json\/wp\/v2\/posts\/121\/revisions"}],"predecessor-version":[{"id":123,"href":"https:\/\/www.e-nemeckeck.cz\/blog\/wp-json\/wp\/v2\/posts\/121\/revisions\/123"}],"wp:attachment":[{"href":"https:\/\/www.e-nemeckeck.cz\/blog\/wp-json\/wp\/v2\/media?parent=121"}],"wp:term":[{"taxonomy":"category","embeddable":true,"href":"https:\/\/www.e-nemeckeck.cz\/blog\/wp-json\/wp\/v2\/categories?post=121"},{"taxonomy":"post_tag","embeddable":true,"href":"https:\/\/www.e-nemeckeck.cz\/blog\/wp-json\/wp\/v2\/tags?post=121"}],"curies":[{"name":"wp","href":"https:\/\/api.w.org\/{rel}","templated":true}]}}