{"id":127,"date":"2018-01-31T08:32:37","date_gmt":"2018-01-31T07:32:37","guid":{"rendered":"https:\/\/www.e-nemeckeck.cz\/blog\/?p=127"},"modified":"2018-01-31T08:32:37","modified_gmt":"2018-01-31T07:32:37","slug":"kanarske-ostrovy-se-snidani-11-030","status":"publish","type":"post","link":"https:\/\/www.e-nemeckeck.cz\/blog\/2018\/01\/kanarske-ostrovy-se-snidani-11-030\/","title":{"rendered":"Kan\u00e1rsk\u00e9 ostrovy se sn\u00eddan\u00ed 11.030,-"},"content":{"rendered":"<p><img loading=\"lazy\" decoding=\"async\" class=\"alignnone size-full wp-image-128\" src=\"https:\/\/www.e-nemeckeck.cz\/blog\/wp-content\/uploads\/2018\/01\/kanarske-ostrovy-se-snidani.jpg\" alt=\"\" width=\"800\" height=\"600\" srcset=\"https:\/\/www.e-nemeckeck.cz\/blog\/wp-content\/uploads\/2018\/01\/kanarske-ostrovy-se-snidani.jpg 800w, https:\/\/www.e-nemeckeck.cz\/blog\/wp-content\/uploads\/2018\/01\/kanarske-ostrovy-se-snidani-300x225.jpg 300w, https:\/\/www.e-nemeckeck.cz\/blog\/wp-content\/uploads\/2018\/01\/kanarske-ostrovy-se-snidani-768x576.jpg 768w\" sizes=\"auto, (max-width: 800px) 100vw, 800px\" \/><\/p>\n<p><a href=\"https:\/\/www.e-nemeckeck.cz\/dovolena\/kanarske-ostrovy\">Kan\u00e1rsk\u00e9 ostrovy<\/a> &#8211; <strong>Gran Canaria<\/strong> &#8211; Playa Del Ingles v term\u00ednu 30.5. (st) &#8211; 6.6. (st) se sn\u00eddan\u00ed za <a href=\"https:\/\/www.e-nemeckeck.cz\/dovolena\/kanarske-ostrovy\/gran-canaria\/playa-del-ingles\/hotel-beverly-park\/termin?termin=1239644108&amp;dite1=0&amp;dite2=0\">11.030,-<\/a>.<\/p>\n<p><a href=\"https:\/\/www.e-nemeckeck.cz\/dovolena\/kanarske-ostrovy\/gran-canaria\/playa-del-ingles\/hotel-beverly-park?co=terminy#zalozky\">Hotel Beverly Park<\/a> *** se nach\u00e1z\u00ed p\u0159\u00edmo na &#8222;<strong>Playa del Veril<\/strong>&#8222;. P\u0159\u00edstup na pl\u00e1\u017e je pouze skrze bo\u010dn\u00ed ulici. Le\u017e\u00ed u mal\u00e9 p\u00edse\u010dn\u00e9 z\u00e1toky Playa del Veril u centra Playa del Ingl\u00e9s a kilometrov\u00e9 pl\u00e1\u017ee.<\/p>\n<p>V hotelu Beverly Park k dispozici recepce s pron\u00e1jem bezpe\u010dnostn\u00edch schr\u00e1nek, v\u00fdtahy, WiFi (za poplatek), spole\u010densk\u00e1 m\u00edstnost s TV se satelitn\u00edm p\u0159\u00edjmem, karetn\u00ed m\u00edstnost, internetov\u00fd koutek (za poplatek), restaurace, salon bar s terasou a kiosek. <strong>3 baz\u00e9ny<\/strong> (jeden vyh\u0159\u00edvan\u00fd), 2 jacuzzi, slune\u010dn\u00ed terasa a bar u baz\u00e9nu.<\/p>\n<p>Denn\u00ed <strong>anima\u010dn\u00ed programy<\/strong> a ve\u010dern\u00ed po\u0159ady s \u017eivou hudbou. Sportovn\u00ed aktivity jako je lukost\u0159elba, minigolf a stoln\u00ed tenis. Za poplatek kule\u010dn\u00edk a tvrd\u00fd tenisov\u00fd kurt s um\u011bl\u00fdm osv\u011btlen\u00edm. Za poplatek je d\u00e1le mo\u017en\u00e9 wellness, mas\u00e1\u017ee, sauna \u010di kade\u0159n\u00edk.<\/p>\n<p>Pro rodiny s d\u011btmi tu jsou dva samostatn\u00e9 d\u011btsk\u00fd baz\u00e9ny, d\u011btsk\u00e9 h\u0159i\u0161t\u011b a mini klub.<\/p>\n","protected":false},"excerpt":{"rendered":"<p>Kan\u00e1rsk\u00e9 ostrovy &#8211; Gran Canaria &#8211; Playa Del Ingles v term\u00ednu 30.5. (st) &#8211; 6.6. (st) se sn\u00eddan\u00ed za 11.030,-. Hotel Beverly Park *** se nach\u00e1z\u00ed p\u0159\u00edmo na &#8222;Playa del Veril&#8222;. P\u0159\u00edstup na pl\u00e1\u017e je pouze skrze bo\u010dn\u00ed ulici. Le\u017e\u00ed u mal\u00e9 p\u00edse\u010dn\u00e9 z\u00e1toky Playa del Veril u centra Playa del Ingl\u00e9s a kilometrov\u00e9 pl\u00e1\u017ee. &hellip; <a href=\"https:\/\/www.e-nemeckeck.cz\/blog\/2018\/01\/kanarske-ostrovy-se-snidani-11-030\/\" class=\"more-link\">Pokra\u010dov\u00e1n\u00ed textu <span class=\"screen-reader-text\">Kan\u00e1rsk\u00e9 ostrovy se sn\u00eddan\u00ed 11.030,-<\/span><\/a><\/p>\n","protected":false},"author":2,"featured_media":0,"comment_status":"closed","ping_status":"closed","sticky":false,"template":"","format":"standard","meta":{"footnotes":""},"categories":[4],"tags":[],"class_list":["post-127","post","type-post","status-publish","format-standard","hentry","category-last-minute-a-jine"],"_links":{"self":[{"href":"https:\/\/www.e-nemeckeck.cz\/blog\/wp-json\/wp\/v2\/posts\/127","targetHints":{"allow":["GET"]}}],"collection":[{"href":"https:\/\/www.e-nemeckeck.cz\/blog\/wp-json\/wp\/v2\/posts"}],"about":[{"href":"https:\/\/www.e-nemeckeck.cz\/blog\/wp-json\/wp\/v2\/types\/post"}],"author":[{"embeddable":true,"href":"https:\/\/www.e-nemeckeck.cz\/blog\/wp-json\/wp\/v2\/users\/2"}],"replies":[{"embeddable":true,"href":"https:\/\/www.e-nemeckeck.cz\/blog\/wp-json\/wp\/v2\/comments?post=127"}],"version-history":[{"count":1,"href":"https:\/\/www.e-nemeckeck.cz\/blog\/wp-json\/wp\/v2\/posts\/127\/revisions"}],"predecessor-version":[{"id":129,"href":"https:\/\/www.e-nemeckeck.cz\/blog\/wp-json\/wp\/v2\/posts\/127\/revisions\/129"}],"wp:attachment":[{"href":"https:\/\/www.e-nemeckeck.cz\/blog\/wp-json\/wp\/v2\/media?parent=127"}],"wp:term":[{"taxonomy":"category","embeddable":true,"href":"https:\/\/www.e-nemeckeck.cz\/blog\/wp-json\/wp\/v2\/categories?post=127"},{"taxonomy":"post_tag","embeddable":true,"href":"https:\/\/www.e-nemeckeck.cz\/blog\/wp-json\/wp\/v2\/tags?post=127"}],"curies":[{"name":"wp","href":"https:\/\/api.w.org\/{rel}","templated":true}]}}