{"id":13,"date":"2016-11-11T16:54:06","date_gmt":"2016-11-11T15:54:06","guid":{"rendered":"https:\/\/www.e-nemeckeck.cz\/blog\/?p=13"},"modified":"2017-01-10T11:28:17","modified_gmt":"2017-01-10T10:28:17","slug":"web-e-nemeckeck-cz","status":"publish","type":"post","link":"https:\/\/www.e-nemeckeck.cz\/blog\/2016\/11\/web-e-nemeckeck-cz\/","title":{"rendered":"Web e-nemeckeCK.cz"},"content":{"rendered":"<p><img loading=\"lazy\" decoding=\"async\" src=\"https:\/\/www.e-nemeckeck.cz\/blog\/wp-content\/uploads\/2016\/11\/letadlo-condor.jpg\" alt=\"letadlo-condor\" width=\"470\" height=\"385\" class=\"alignnone size-full wp-image-14\" srcset=\"https:\/\/www.e-nemeckeck.cz\/blog\/wp-content\/uploads\/2016\/11\/letadlo-condor.jpg 470w, https:\/\/www.e-nemeckeck.cz\/blog\/wp-content\/uploads\/2016\/11\/letadlo-condor-300x246.jpg 300w\" sizes=\"auto, (max-width: 470px) 100vw, 470px\" \/><\/p>\n<p>Jak u\u017e n\u00e1zev internetov\u00fdch str\u00e1nek e-nemeckeCK.cz napov\u00edd\u00e1, je tento web zam\u011b\u0159en\u00fd na dovolenou s n\u011bmeck\u00fdmi cestovn\u00edmi kancel\u00e1\u0159emi. Odlety na tyto pobyty jsou sice z n\u011bmeck\u00fdch a rakousk\u00fdch leti\u0161\u0165, ov\u0161em vyb\u00edr\u00e1me pro v\u00e1s ta, kter\u00e1 jsou v p\u0159\u00edjemn\u00e9 dojezdov\u00e9 vzd\u00e1lenosti z \u010cesk\u00e9 republiky.<\/p>\n<p>Na dovolenou s n\u011bmeck\u00fdmi touroper\u00e1tory tak m\u016f\u017eete odlet\u011bt nap\u0159\u00edklad z leti\u0161t\u011b v Dr\u00e1\u017e\u010fanech, Lipsku, V\u00eddni, Norimberku a dal\u0161\u00edch m\u011bst, kter\u00e1 nele\u017e\u00ed tak daleko od \u010desk\u00fdch hranic.<\/p>\n<p>N\u011bmeck\u00e9 cestovn\u00ed kancel\u00e1\u0159e se vyzna\u010duj\u00ed vysokou kvalitou poskytovan\u00fdch slu\u017eeb, nebo\u0165 n\u00e1ro\u010dnost n\u011bmeck\u00e9ho klienta je \u0161iroce zn\u00e1m\u00e1 nejen po Evrop\u011b a n\u011bmeck\u00e9 cestovn\u00ed kancel\u00e1\u0159e se mus\u00ed t\u00e9to skute\u010dnosti p\u0159izp\u016fsobit. Dovolen\u00e1 s touroper\u00e1tory z N\u011bmecka ji\u017e d\u00e1vno nen\u00ed finan\u010dn\u011b tak n\u00e1kladn\u00e1, jako tomu b\u00fdvalo d\u0159\u00edve, a zejm\u00e9na se vzr\u016fstaj\u00edc\u00ed vzd\u00e1lenost\u00ed c\u00edlov\u00e9 destinace nab\u00fdv\u00e1 atraktivita produkt\u016f n\u011bmeck\u00fdch cestovek na v\u00fdznamu.<\/p>\n<p><!--more--><\/p>\n<p>Dovolen\u00e1 ve vzd\u00e1len\u00fdch exotick\u00fdch destinac\u00edch, k nim pat\u0159\u00ed nap\u0159\u00edklad Kuba a dal\u0161\u00ed karibsk\u00e9 zem\u011b, \u010di naopak destinace v jihov\u00fdchodn\u00ed Asii, je pak ve srovn\u00e1n\u00ed s \u010desk\u00fdmi cestovn\u00edmi kancel\u00e1\u0159i v n\u011bkter\u00fdch p\u0159\u00edpadech levn\u011bj\u0161\u00ed a\u017e o n\u011bkolik des\u00edtek procent. A tak se ur\u010dit\u011b vyplat\u00ed si nab\u00eddky touroper\u00e1tor\u016f z N\u011bmecka nastudovat a srovnat s nab\u00eddkou \u010desk\u00fdch cestovn\u00edch kancel\u00e1\u0159\u00ed.<\/p>\n","protected":false},"excerpt":{"rendered":"<p>Jak u\u017e n\u00e1zev internetov\u00fdch str\u00e1nek e-nemeckeCK.cz napov\u00edd\u00e1, je tento web zam\u011b\u0159en\u00fd na dovolenou s n\u011bmeck\u00fdmi cestovn\u00edmi kancel\u00e1\u0159emi. Odlety na tyto pobyty jsou sice z n\u011bmeck\u00fdch a rakousk\u00fdch leti\u0161\u0165, ov\u0161em vyb\u00edr\u00e1me pro v\u00e1s ta, kter\u00e1 jsou v p\u0159\u00edjemn\u00e9 dojezdov\u00e9 vzd\u00e1lenosti z \u010cesk\u00e9 republiky. Na dovolenou s n\u011bmeck\u00fdmi touroper\u00e1tory tak m\u016f\u017eete odlet\u011bt nap\u0159\u00edklad z leti\u0161t\u011b v Dr\u00e1\u017e\u010fanech, &hellip; <a href=\"https:\/\/www.e-nemeckeck.cz\/blog\/2016\/11\/web-e-nemeckeck-cz\/\" class=\"more-link\">Pokra\u010dov\u00e1n\u00ed textu <span class=\"screen-reader-text\">Web e-nemeckeCK.cz<\/span><\/a><\/p>\n","protected":false},"author":2,"featured_media":0,"comment_status":"closed","ping_status":"closed","sticky":false,"template":"","format":"standard","meta":{"footnotes":""},"categories":[1],"tags":[],"class_list":["post-13","post","type-post","status-publish","format-standard","hentry","category-nezarazene"],"_links":{"self":[{"href":"https:\/\/www.e-nemeckeck.cz\/blog\/wp-json\/wp\/v2\/posts\/13","targetHints":{"allow":["GET"]}}],"collection":[{"href":"https:\/\/www.e-nemeckeck.cz\/blog\/wp-json\/wp\/v2\/posts"}],"about":[{"href":"https:\/\/www.e-nemeckeck.cz\/blog\/wp-json\/wp\/v2\/types\/post"}],"author":[{"embeddable":true,"href":"https:\/\/www.e-nemeckeck.cz\/blog\/wp-json\/wp\/v2\/users\/2"}],"replies":[{"embeddable":true,"href":"https:\/\/www.e-nemeckeck.cz\/blog\/wp-json\/wp\/v2\/comments?post=13"}],"version-history":[{"count":2,"href":"https:\/\/www.e-nemeckeck.cz\/blog\/wp-json\/wp\/v2\/posts\/13\/revisions"}],"predecessor-version":[{"id":39,"href":"https:\/\/www.e-nemeckeck.cz\/blog\/wp-json\/wp\/v2\/posts\/13\/revisions\/39"}],"wp:attachment":[{"href":"https:\/\/www.e-nemeckeck.cz\/blog\/wp-json\/wp\/v2\/media?parent=13"}],"wp:term":[{"taxonomy":"category","embeddable":true,"href":"https:\/\/www.e-nemeckeck.cz\/blog\/wp-json\/wp\/v2\/categories?post=13"},{"taxonomy":"post_tag","embeddable":true,"href":"https:\/\/www.e-nemeckeck.cz\/blog\/wp-json\/wp\/v2\/tags?post=13"}],"curies":[{"name":"wp","href":"https:\/\/api.w.org\/{rel}","templated":true}]}}