{"id":133,"date":"2018-04-26T10:53:49","date_gmt":"2018-04-26T08:53:49","guid":{"rendered":"https:\/\/www.e-nemeckeck.cz\/blog\/?p=133"},"modified":"2018-04-26T10:53:49","modified_gmt":"2018-04-26T08:53:49","slug":"mallorca-4-hvezdickovy-hotel-11-960","status":"publish","type":"post","link":"https:\/\/www.e-nemeckeck.cz\/blog\/2018\/04\/mallorca-4-hvezdickovy-hotel-11-960\/","title":{"rendered":"Mallorca 4 hv\u011bzdi\u010dkov\u00fd hotel 11.960,-"},"content":{"rendered":"<p><img loading=\"lazy\" decoding=\"async\" class=\"alignnone size-full wp-image-134\" src=\"https:\/\/www.e-nemeckeck.cz\/blog\/wp-content\/uploads\/2018\/04\/mallorca-4-hvezdickovy-hotel.jpg\" alt=\"\" width=\"800\" height=\"600\" srcset=\"https:\/\/www.e-nemeckeck.cz\/blog\/wp-content\/uploads\/2018\/04\/mallorca-4-hvezdickovy-hotel.jpg 800w, https:\/\/www.e-nemeckeck.cz\/blog\/wp-content\/uploads\/2018\/04\/mallorca-4-hvezdickovy-hotel-300x225.jpg 300w, https:\/\/www.e-nemeckeck.cz\/blog\/wp-content\/uploads\/2018\/04\/mallorca-4-hvezdickovy-hotel-768x576.jpg 768w\" sizes=\"auto, (max-width: 800px) 100vw, 800px\" \/><\/p>\n<p>U\u017eijte si <strong>luxusn\u00ed ubytov\u00e1n\u00ed<\/strong> v hotelu na <a href=\"https:\/\/www.e-nemeckeck.cz\/dovolena\/mallorca-menorca-ibiza\/mallorca\">Mallorce<\/a> na 6 dn\u00ed v term\u00ednu od 31.5. &#8211; 5.6. za <a href=\"https:\/\/www.e-nemeckeck.cz\/dovolena\/mallorca-menorca-ibiza\/mallorca\/cala-mezquida\/hotel-viva-cala-mesquida-resort\/termin?termin=1425337933&amp;dite1=0&amp;dite2=0\">11.960,-<\/a>. Hotel le\u017e\u00ed p\u0159\u00edmo na pl\u00e1\u017ei.<\/p>\n<p>Hotel disponuje hlavn\u00ed budouvou a 10 apartm\u00e1-nov\u00fdmi domy, recepc\u00ed, Wi-Fi v cel\u00e9m hotelu (v cen\u011b), bufetovou restaurac\u00ed, <strong>t\u0159emi a la carte restauracemi<\/strong>, italsk\u00e1, mexick\u00e1, gril. V zahrad\u011b se nach\u00e1zej\u00ed 3 baz\u00e9ny, vyh\u0159\u00edvan\u00fd baz\u00e9n, jacuzzi a bar u baz\u00e9nu.<\/p>\n<p>Sportovn\u00ed aktivity: V cen\u011b zahrnut aerobik, basketbal, petanque, lukost\u0159elba, \u0161ipky, posilovna, minigolf, multifunk\u010dn\u00ed h\u0159i\u0161t\u011b, stoln\u00ed tenis, volejbal, vodn\u00ed aerobik. D\u00e1le k dispozici: billiard, p\u016fj\u010dovna kol, tenis.<\/p>\n<p><strong>Wellness<\/strong> t\u00e9\u017e zahrnuto v cen\u011b. K dispozici kryt\u00fd baz\u00e9n, sauna, tureck\u00e1 l\u00e1ze\u0148, whirlpool. Za poplatek: nov\u00e1 SPA oblast Balneum (rezervace nutn\u00e1), kade\u0159nictv\u00ed, mas\u00e1\u017ee.<\/p>\n<p>Pro rodiny s d\u011btmi k dispozici: D\u011btsk\u00e1 post\u00fdlka za poplatek (4, &#8211; \u20ac \/ den), sk\u00e1kac\u00ed hrad, d\u011btsk\u00e9 menu, miniklub, d\u011btsk\u00e9 h\u0159i\u0161t\u011b, <strong>baz\u00e9n s pir\u00e1tskou lod\u00ed<\/strong>.<\/p>\n","protected":false},"excerpt":{"rendered":"<p>U\u017eijte si luxusn\u00ed ubytov\u00e1n\u00ed v hotelu na Mallorce na 6 dn\u00ed v term\u00ednu od 31.5. &#8211; 5.6. za 11.960,-. Hotel le\u017e\u00ed p\u0159\u00edmo na pl\u00e1\u017ei. Hotel disponuje hlavn\u00ed budouvou a 10 apartm\u00e1-nov\u00fdmi domy, recepc\u00ed, Wi-Fi v cel\u00e9m hotelu (v cen\u011b), bufetovou restaurac\u00ed, t\u0159emi a la carte restauracemi, italsk\u00e1, mexick\u00e1, gril. V zahrad\u011b se nach\u00e1zej\u00ed 3 baz\u00e9ny, &hellip; <a href=\"https:\/\/www.e-nemeckeck.cz\/blog\/2018\/04\/mallorca-4-hvezdickovy-hotel-11-960\/\" class=\"more-link\">Pokra\u010dov\u00e1n\u00ed textu <span class=\"screen-reader-text\">Mallorca 4 hv\u011bzdi\u010dkov\u00fd hotel 11.960,-<\/span><\/a><\/p>\n","protected":false},"author":2,"featured_media":0,"comment_status":"closed","ping_status":"closed","sticky":false,"template":"","format":"standard","meta":{"footnotes":""},"categories":[4],"tags":[],"class_list":["post-133","post","type-post","status-publish","format-standard","hentry","category-last-minute-a-jine"],"_links":{"self":[{"href":"https:\/\/www.e-nemeckeck.cz\/blog\/wp-json\/wp\/v2\/posts\/133","targetHints":{"allow":["GET"]}}],"collection":[{"href":"https:\/\/www.e-nemeckeck.cz\/blog\/wp-json\/wp\/v2\/posts"}],"about":[{"href":"https:\/\/www.e-nemeckeck.cz\/blog\/wp-json\/wp\/v2\/types\/post"}],"author":[{"embeddable":true,"href":"https:\/\/www.e-nemeckeck.cz\/blog\/wp-json\/wp\/v2\/users\/2"}],"replies":[{"embeddable":true,"href":"https:\/\/www.e-nemeckeck.cz\/blog\/wp-json\/wp\/v2\/comments?post=133"}],"version-history":[{"count":1,"href":"https:\/\/www.e-nemeckeck.cz\/blog\/wp-json\/wp\/v2\/posts\/133\/revisions"}],"predecessor-version":[{"id":135,"href":"https:\/\/www.e-nemeckeck.cz\/blog\/wp-json\/wp\/v2\/posts\/133\/revisions\/135"}],"wp:attachment":[{"href":"https:\/\/www.e-nemeckeck.cz\/blog\/wp-json\/wp\/v2\/media?parent=133"}],"wp:term":[{"taxonomy":"category","embeddable":true,"href":"https:\/\/www.e-nemeckeck.cz\/blog\/wp-json\/wp\/v2\/categories?post=133"},{"taxonomy":"post_tag","embeddable":true,"href":"https:\/\/www.e-nemeckeck.cz\/blog\/wp-json\/wp\/v2\/tags?post=133"}],"curies":[{"name":"wp","href":"https:\/\/api.w.org\/{rel}","templated":true}]}}