{"id":147,"date":"2018-10-25T10:43:19","date_gmt":"2018-10-25T08:43:19","guid":{"rendered":"https:\/\/www.e-nemeckeck.cz\/blog\/?p=147"},"modified":"2018-10-25T10:43:19","modified_gmt":"2018-10-25T08:43:19","slug":"kuba-vhodna-pro-rodiny","status":"publish","type":"post","link":"https:\/\/www.e-nemeckeck.cz\/blog\/2018\/10\/kuba-vhodna-pro-rodiny\/","title":{"rendered":"Kuba vhodn\u00e1 pro rodiny"},"content":{"rendered":"<p><img loading=\"lazy\" decoding=\"async\" class=\"alignnone size-full wp-image-148\" src=\"https:\/\/www.e-nemeckeck.cz\/blog\/wp-content\/uploads\/2018\/10\/kuba-vhodna-pro-rodiny.jpg\" alt=\"\" width=\"800\" height=\"600\" \/><\/p>\n<p>Dovolen\u00e1 na Kub\u011b? Pro\u010d ne? Nab\u00edz\u00edme v\u00e1m <a href=\"https:\/\/www.e-nemeckeck.cz\/dovolena\/kuba\">Kubu<\/a> &#8211; <strong>Holguin<\/strong> &#8211; Guardalavaca osmi denn\u00ed pobyt pro dv\u011b osoby s all inklusive za <a href=\"https:\/\/www.e-nemeckeck.cz\/dovolena\/kuba\/holguin\/guardalavaca\/hotel-club-amigo-atlantico\/termin?termin=1877780633&amp;dite1=0&amp;dite2=0\">24.440,-<\/a>\/ na osobu. Term\u00edn 28.10. &#8211; 4.11.2018 s all inklusive.<\/p>\n<p><a href=\"https:\/\/www.e-nemeckeck.cz\/dovolena\/kuba\/holguin\/guardalavaca\/hotel-club-amigo-atlantico?co=terminy#zalozky\">Club Amigo Atlantico ***<\/a> se nach\u00e1z\u00ed u <strong>dlouh\u00e9 pl\u00e1\u017ee<\/strong>. Objekt se skl\u00e1d\u00e1 ze t\u0159\u00ed samostatn\u00fdch budov (hlavn\u00ed budova, vily a bungalovy), kter\u00e9 jsou propojeny pl\u00e1\u017eovou promen\u00e1dou. Centrum je asi 500 metr\u016f. Doba transferu z leti\u0161t\u011b Holguin je asi 1,5 hodiny.<\/p>\n<p>Cel\u00fd komplex m\u00e1 746 pokoj\u016f. K vybaven\u00ed pat\u0159\u00ed internetov\u00e1 kav\u00e1rna a Wi-Fi (za poplatek), bufetov\u00e9 restaurace, a la carte restaurace, lobby bar, Cafe bar, kav\u00e1rna a obchody. V zahrad\u011b jsou <strong>3 baz\u00e9ny s barem<\/strong>. Pl\u00e1\u017eov\u00e9 leh\u00e1tka a slune\u010dn\u00edky jsou t\u00e9\u017e sou\u010d\u00e1st\u00ed.<\/p>\n<p>Prob\u00edh\u00e1 <strong>pestr\u00fd z\u00e1bavn\u00ed program<\/strong> (anglicky, francouzsky), ve\u010dern\u00ed z\u00e1bava, diskot\u00e9ka. Pro d\u011bti k dispozici d\u011btsk\u00fd baz\u00e9n a miniklub (4 a\u017e 12 let).<\/p>\n<p>Sportovn\u00ed aktivity zahrnuj\u00ed: aerobik, j\u00edzdn\u00ed kola, kajaky, katamar\u00e1ny, \u0161norchlov\u00e1n\u00ed, 1x \u00favodn\u00ed pot\u00e1p\u011bn\u00ed v baz\u00e9nu, tenis (v sousedn\u00edm hotelu), stoln\u00ed tenis, volejbal a windsurfing. Za poplatek: pot\u00e1p\u011b\u010dsk\u00e1 \u0161kola vzd\u00e1len\u00e1 cca 500 m. Za poplatek t\u00e9\u017e salon kr\u00e1sy a mas\u00e1\u017ee.<\/p>\n","protected":false},"excerpt":{"rendered":"<p>Dovolen\u00e1 na Kub\u011b? Pro\u010d ne? Nab\u00edz\u00edme v\u00e1m Kubu &#8211; Holguin &#8211; Guardalavaca osmi denn\u00ed pobyt pro dv\u011b osoby s all inklusive za 24.440,-\/ na osobu. Term\u00edn 28.10. &#8211; 4.11.2018 s all inklusive. Club Amigo Atlantico *** se nach\u00e1z\u00ed u dlouh\u00e9 pl\u00e1\u017ee. Objekt se skl\u00e1d\u00e1 ze t\u0159\u00ed samostatn\u00fdch budov (hlavn\u00ed budova, vily a bungalovy), kter\u00e9 jsou &hellip; <a href=\"https:\/\/www.e-nemeckeck.cz\/blog\/2018\/10\/kuba-vhodna-pro-rodiny\/\" class=\"more-link\">Pokra\u010dov\u00e1n\u00ed textu <span class=\"screen-reader-text\">Kuba vhodn\u00e1 pro rodiny<\/span><\/a><\/p>\n","protected":false},"author":2,"featured_media":0,"comment_status":"closed","ping_status":"closed","sticky":false,"template":"","format":"standard","meta":{"footnotes":""},"categories":[4],"tags":[],"class_list":["post-147","post","type-post","status-publish","format-standard","hentry","category-last-minute-a-jine"],"_links":{"self":[{"href":"https:\/\/www.e-nemeckeck.cz\/blog\/wp-json\/wp\/v2\/posts\/147","targetHints":{"allow":["GET"]}}],"collection":[{"href":"https:\/\/www.e-nemeckeck.cz\/blog\/wp-json\/wp\/v2\/posts"}],"about":[{"href":"https:\/\/www.e-nemeckeck.cz\/blog\/wp-json\/wp\/v2\/types\/post"}],"author":[{"embeddable":true,"href":"https:\/\/www.e-nemeckeck.cz\/blog\/wp-json\/wp\/v2\/users\/2"}],"replies":[{"embeddable":true,"href":"https:\/\/www.e-nemeckeck.cz\/blog\/wp-json\/wp\/v2\/comments?post=147"}],"version-history":[{"count":1,"href":"https:\/\/www.e-nemeckeck.cz\/blog\/wp-json\/wp\/v2\/posts\/147\/revisions"}],"predecessor-version":[{"id":149,"href":"https:\/\/www.e-nemeckeck.cz\/blog\/wp-json\/wp\/v2\/posts\/147\/revisions\/149"}],"wp:attachment":[{"href":"https:\/\/www.e-nemeckeck.cz\/blog\/wp-json\/wp\/v2\/media?parent=147"}],"wp:term":[{"taxonomy":"category","embeddable":true,"href":"https:\/\/www.e-nemeckeck.cz\/blog\/wp-json\/wp\/v2\/categories?post=147"},{"taxonomy":"post_tag","embeddable":true,"href":"https:\/\/www.e-nemeckeck.cz\/blog\/wp-json\/wp\/v2\/tags?post=147"}],"curies":[{"name":"wp","href":"https:\/\/api.w.org\/{rel}","templated":true}]}}