{"id":151,"date":"2019-01-23T10:10:37","date_gmt":"2019-01-23T09:10:37","guid":{"rendered":"https:\/\/www.e-nemeckeck.cz\/blog\/?p=151"},"modified":"2019-01-23T10:10:37","modified_gmt":"2019-01-23T09:10:37","slug":"kanarske-ostrovy-jiz-od-10-070","status":"publish","type":"post","link":"https:\/\/www.e-nemeckeck.cz\/blog\/2019\/01\/kanarske-ostrovy-jiz-od-10-070\/","title":{"rendered":"Kan\u00e1rsk\u00e9 ostrovy ji\u017e od 10.070,-"},"content":{"rendered":"<p><img loading=\"lazy\" decoding=\"async\" class=\"alignnone size-full wp-image-152\" src=\"https:\/\/www.e-nemeckeck.cz\/blog\/wp-content\/uploads\/2019\/01\/kanarske-ostrovy-jiz-od-10.070.jpg\" alt=\"\" width=\"800\" height=\"600\" \/><\/p>\n<p>Dop\u0159ejte si odpo\u010dinek na <a href=\"https:\/\/www.e-nemeckeck.cz\/dovolena\/kanarske-ostrovy\/lanzarote\">Lanzarote<\/a>, kam lze cestovat za dovolenou po cel\u00fd rok. Za osmi denn\u00ed pobyt s odletem z <strong>Mnichova<\/strong> zaplat\u00edte v term\u00e1nu od 27.1. (ne) &#8211; 3.2. (ne), 7 noc\u00ed pouh\u00fdch <a href=\"https:\/\/www.e-nemeckeck.cz\/dovolena\/kanarske-ostrovy\/lanzarote\/costa-teguise\/hotel-sands-beach-resort\/termin?termin=1986577871&amp;dite1=0&amp;dite2=0\">10.070,-<\/a>.<\/p>\n<p>Kr\u00e1sn\u00fd hotel se nach\u00e1z\u00ed p\u0159\u00edmo na z\u00e1toce <strong>&#8222;Los Charcos&#8220; s vlastn\u00ed p\u00edse\u010dnou pl\u00e1\u017e\u00ed<\/strong>. Po pl\u00e1\u017eov\u00e9 promen\u00e1d\u011b se dostanete snadno za p\u00e1r minut do centra m\u011bsta. Doba transferu na leti\u0161t\u011b je p\u0159ibli\u017en\u011b 30 a\u017e 45 minut.<\/p>\n<p>Ve venkovn\u00edm are\u00e1lu se nach\u00e1z\u00ed <strong>n\u011bkolik baz\u00e9n\u016f<\/strong>, v\u00ed\u0159ivka, slune\u010dn\u00ed terasa a snack bar u baz\u00e9nu. Pl\u00e1\u017eov\u00e9 leh\u00e1tka jsou zdarma. Osu\u0161ky jsou k dispozici za z\u00e1lohu.<\/p>\n<p>Mezin\u00e1rodn\u00ed <strong>pestr\u00e1 denn\u00ed a ve\u010dern\u00ed z\u00e1bava<\/strong>.<\/p>\n","protected":false},"excerpt":{"rendered":"<p>Dop\u0159ejte si odpo\u010dinek na Lanzarote, kam lze cestovat za dovolenou po cel\u00fd rok. Za osmi denn\u00ed pobyt s odletem z Mnichova zaplat\u00edte v term\u00e1nu od 27.1. (ne) &#8211; 3.2. (ne), 7 noc\u00ed pouh\u00fdch 10.070,-. Kr\u00e1sn\u00fd hotel se nach\u00e1z\u00ed p\u0159\u00edmo na z\u00e1toce &#8222;Los Charcos&#8220; s vlastn\u00ed p\u00edse\u010dnou pl\u00e1\u017e\u00ed. Po pl\u00e1\u017eov\u00e9 promen\u00e1d\u011b se dostanete snadno za p\u00e1r &hellip; <a href=\"https:\/\/www.e-nemeckeck.cz\/blog\/2019\/01\/kanarske-ostrovy-jiz-od-10-070\/\" class=\"more-link\">Pokra\u010dov\u00e1n\u00ed textu <span class=\"screen-reader-text\">Kan\u00e1rsk\u00e9 ostrovy ji\u017e od 10.070,-<\/span><\/a><\/p>\n","protected":false},"author":2,"featured_media":0,"comment_status":"closed","ping_status":"closed","sticky":false,"template":"","format":"standard","meta":{"footnotes":""},"categories":[4],"tags":[],"class_list":["post-151","post","type-post","status-publish","format-standard","hentry","category-last-minute-a-jine"],"_links":{"self":[{"href":"https:\/\/www.e-nemeckeck.cz\/blog\/wp-json\/wp\/v2\/posts\/151","targetHints":{"allow":["GET"]}}],"collection":[{"href":"https:\/\/www.e-nemeckeck.cz\/blog\/wp-json\/wp\/v2\/posts"}],"about":[{"href":"https:\/\/www.e-nemeckeck.cz\/blog\/wp-json\/wp\/v2\/types\/post"}],"author":[{"embeddable":true,"href":"https:\/\/www.e-nemeckeck.cz\/blog\/wp-json\/wp\/v2\/users\/2"}],"replies":[{"embeddable":true,"href":"https:\/\/www.e-nemeckeck.cz\/blog\/wp-json\/wp\/v2\/comments?post=151"}],"version-history":[{"count":1,"href":"https:\/\/www.e-nemeckeck.cz\/blog\/wp-json\/wp\/v2\/posts\/151\/revisions"}],"predecessor-version":[{"id":153,"href":"https:\/\/www.e-nemeckeck.cz\/blog\/wp-json\/wp\/v2\/posts\/151\/revisions\/153"}],"wp:attachment":[{"href":"https:\/\/www.e-nemeckeck.cz\/blog\/wp-json\/wp\/v2\/media?parent=151"}],"wp:term":[{"taxonomy":"category","embeddable":true,"href":"https:\/\/www.e-nemeckeck.cz\/blog\/wp-json\/wp\/v2\/categories?post=151"},{"taxonomy":"post_tag","embeddable":true,"href":"https:\/\/www.e-nemeckeck.cz\/blog\/wp-json\/wp\/v2\/tags?post=151"}],"curies":[{"name":"wp","href":"https:\/\/api.w.org\/{rel}","templated":true}]}}