{"id":158,"date":"2019-02-27T10:10:11","date_gmt":"2019-02-27T09:10:11","guid":{"rendered":"https:\/\/www.e-nemeckeck.cz\/blog\/?p=158"},"modified":"2019-02-27T10:10:11","modified_gmt":"2019-02-27T09:10:11","slug":"mallorca-v-breznu-6-660","status":"publish","type":"post","link":"https:\/\/www.e-nemeckeck.cz\/blog\/2019\/02\/mallorca-v-breznu-6-660\/","title":{"rendered":"Mallorca v b\u0159eznu 6.660,-"},"content":{"rendered":"<p><img loading=\"lazy\" decoding=\"async\" class=\"alignnone size-full wp-image-159\" src=\"https:\/\/www.e-nemeckeck.cz\/blog\/wp-content\/uploads\/2019\/02\/mallorca-v-breznu.jpg\" alt=\"\" width=\"800\" height=\"600\" \/><\/p>\n<p>Turistika na <a href=\"https:\/\/www.e-nemeckeck.cz\/dovolena\/mallorca-menorca-ibiza\/mallorca\">Mallorce<\/a>? Pro\u010d ne? Je ide\u00e1ln\u00ed \u010das k prozkoum\u00e1n\u00ed cel\u00e9 Mallorcy. Term\u00edn 25.3. &#8211; 1.4.2019 s <strong>odletem z Lipska<\/strong> za <a href=\"https:\/\/www.e-nemeckeck.cz\/dovolena\/mallorca-menorca-ibiza\/mallorca\/paguera\/apartmany-app-aldea-cala-fornells-ii\/termin?termin=2087870606&amp;dite1=0&amp;dite2=0\">6.660,-<\/a>.<\/p>\n<p><a href=\"https:\/\/www.e-nemeckeck.cz\/dovolena\/mallorca-menorca-ibiza\/mallorca\/paguera\/apartmany-app-aldea-cala-fornells-ii?co=terminy#zalozky\">Apartm\u00e1ny App. Aldea Cala Fornells II<\/a> le\u017e\u00ed na idylick\u00e9m \u00fabo\u010d\u00ed kopce s v\u00fdhledem na mo\u0159e. Hotel je postaven ve stylu mallorsk\u00e9 vesnice ve svahu, proto se tu nach\u00e1z\u00ed mnoho schod\u016f a objekt nen\u00ed ur\u010den pro osoby s pohybov\u00fdm omezen\u00edm.<\/p>\n<p>K dispozici je venkovn\u00ed baz\u00e9n, slune\u010dn\u00ed terasa s v\u00fdhledem na mo\u0159e a bar u baz\u00e9nu. Leh\u00e1tka a slune\u010dn\u00edky jsou u baz\u00e9nu zdarma.<\/p>\n","protected":false},"excerpt":{"rendered":"<p>Turistika na Mallorce? Pro\u010d ne? Je ide\u00e1ln\u00ed \u010das k prozkoum\u00e1n\u00ed cel\u00e9 Mallorcy. Term\u00edn 25.3. &#8211; 1.4.2019 s odletem z Lipska za 6.660,-. Apartm\u00e1ny App. Aldea Cala Fornells II le\u017e\u00ed na idylick\u00e9m \u00fabo\u010d\u00ed kopce s v\u00fdhledem na mo\u0159e. Hotel je postaven ve stylu mallorsk\u00e9 vesnice ve svahu, proto se tu nach\u00e1z\u00ed mnoho schod\u016f a objekt nen\u00ed &hellip; <a href=\"https:\/\/www.e-nemeckeck.cz\/blog\/2019\/02\/mallorca-v-breznu-6-660\/\" class=\"more-link\">Pokra\u010dov\u00e1n\u00ed textu <span class=\"screen-reader-text\">Mallorca v b\u0159eznu 6.660,-<\/span><\/a><\/p>\n","protected":false},"author":2,"featured_media":0,"comment_status":"closed","ping_status":"closed","sticky":false,"template":"","format":"standard","meta":{"footnotes":""},"categories":[4],"tags":[],"class_list":["post-158","post","type-post","status-publish","format-standard","hentry","category-last-minute-a-jine"],"_links":{"self":[{"href":"https:\/\/www.e-nemeckeck.cz\/blog\/wp-json\/wp\/v2\/posts\/158","targetHints":{"allow":["GET"]}}],"collection":[{"href":"https:\/\/www.e-nemeckeck.cz\/blog\/wp-json\/wp\/v2\/posts"}],"about":[{"href":"https:\/\/www.e-nemeckeck.cz\/blog\/wp-json\/wp\/v2\/types\/post"}],"author":[{"embeddable":true,"href":"https:\/\/www.e-nemeckeck.cz\/blog\/wp-json\/wp\/v2\/users\/2"}],"replies":[{"embeddable":true,"href":"https:\/\/www.e-nemeckeck.cz\/blog\/wp-json\/wp\/v2\/comments?post=158"}],"version-history":[{"count":1,"href":"https:\/\/www.e-nemeckeck.cz\/blog\/wp-json\/wp\/v2\/posts\/158\/revisions"}],"predecessor-version":[{"id":160,"href":"https:\/\/www.e-nemeckeck.cz\/blog\/wp-json\/wp\/v2\/posts\/158\/revisions\/160"}],"wp:attachment":[{"href":"https:\/\/www.e-nemeckeck.cz\/blog\/wp-json\/wp\/v2\/media?parent=158"}],"wp:term":[{"taxonomy":"category","embeddable":true,"href":"https:\/\/www.e-nemeckeck.cz\/blog\/wp-json\/wp\/v2\/categories?post=158"},{"taxonomy":"post_tag","embeddable":true,"href":"https:\/\/www.e-nemeckeck.cz\/blog\/wp-json\/wp\/v2\/tags?post=158"}],"curies":[{"name":"wp","href":"https:\/\/api.w.org\/{rel}","templated":true}]}}