{"id":164,"date":"2019-03-12T10:33:32","date_gmt":"2019-03-12T09:33:32","guid":{"rendered":"https:\/\/www.e-nemeckeck.cz\/blog\/?p=164"},"modified":"2019-03-12T10:34:37","modified_gmt":"2019-03-12T09:34:37","slug":"mallorca-9-dni-s-all-inclusive-11-990","status":"publish","type":"post","link":"https:\/\/www.e-nemeckeck.cz\/blog\/2019\/03\/mallorca-9-dni-s-all-inclusive-11-990\/","title":{"rendered":"Mallorca 9 dn\u00ed s all inclusive 11.990,-"},"content":{"rendered":"<p><img loading=\"lazy\" decoding=\"async\" class=\"alignnone size-full wp-image-166\" src=\"https:\/\/www.e-nemeckeck.cz\/blog\/wp-content\/uploads\/2019\/03\/mallorca-9-dni-s-all-inclusive.jpg\" alt=\"\" width=\"800\" height=\"600\" \/><\/p>\n<p><a href=\"https:\/\/www.e-nemeckeck.cz\/dovolena\/mallorca-menorca-ibiza\/mallorca\">Mallorca<\/a> &#8211; Cala Millor v term\u00ednu 15.5. (st) &#8211; 24.5. (p\u00e1), <strong>9 noc\u00ed s all inclusive<\/strong>, cena za dosp\u011bl\u00e9ho <a href=\"https:\/\/www.e-nemeckeck.cz\/dovolena\/mallorca-menorca-ibiza\/mallorca\/cala-millor\/aparthotel-club-simo\/termin?termin=2128481980&amp;dite1=4&amp;dite2=0\">11.990,-<\/a>, d\u00edt\u011b 4.270,-.<\/p>\n<p>Centrum Cala Millor je asi 350 metr\u016f a pl\u00e1\u017e asi 500 metr\u016f.<\/p>\n<p>Rekrea\u010dn\u00ed komplex <a href=\"https:\/\/www.e-nemeckeck.cz\/dovolena\/mallorca-menorca-ibiza\/mallorca\/cala-millor\/aparthotel-club-simo?co=terminy#zalozky\">Aparthotel Club Sim\u00f3 ****<\/a> se skl\u00e1d\u00e1 z hlavn\u00ed budovy a 3 venkovn\u00edch budov, z nich\u017e je p\u0159\u00edstavba p\u0159es ulici. Venku se nach\u00e1z\u00ed baz\u00e9n, za\u0159\u00edzen\u00e1 slune\u010dn\u00ed terasa a <strong>bar u baz\u00e9nu<\/strong>. Pl\u00e1\u017eov\u00e9 leh\u00e1tka a slune\u010dn\u00edky jsou sou\u010d\u00e1st\u00ed baz\u00e9nu.<\/p>\n<p>Sport \/ Aktivity: Zahrnuty: Posilovna, stoln\u00ed tenis, volejbal. Za poplatek: kule\u010dn\u00edk, p\u016fj\u010dovna kol, 2 fotbalov\u00e1 h\u0159i\u0161t\u011b, 6 p\u00e1dlov\u00e9 kurty, 2 squashov\u00e9 kurty, 10 tenisov\u00fdch kurt\u016f (6 osv\u011btlen\u00fdch), h\u0159i\u0161t\u011b na branky.<\/p>\n<p>Wellness: Zahrnuto: <strong>Vyh\u0159\u00edvan\u00fd kryt\u00fd baz\u00e9n s v\u00ed\u0159ivkou<\/strong> (do 31.3.), sauna. Za poplatek: mas\u00e1\u017ee. V cen\u011b: do 28.2.18 denn\u011b 1 hodina tenisu nebo squash na jeden apartm\u00e1n v cen\u011b.<\/p>\n<p>Rodina: d\u011btsk\u00e1 post\u00fdlka (na vy\u017e\u00e1d\u00e1n\u00ed), vysok\u00e9 \u017eidle v restauraci, samostatn\u00fd d\u011btsk\u00fd baz\u00e9n, d\u011btsk\u00e9 h\u0159i\u0161t\u011b.<\/p>\n","protected":false},"excerpt":{"rendered":"<p>Mallorca &#8211; Cala Millor v term\u00ednu 15.5. (st) &#8211; 24.5. (p\u00e1), 9 noc\u00ed s all inclusive, cena za dosp\u011bl\u00e9ho 11.990,-, d\u00edt\u011b 4.270,-. Centrum Cala Millor je asi 350 metr\u016f a pl\u00e1\u017e asi 500 metr\u016f. Rekrea\u010dn\u00ed komplex Aparthotel Club Sim\u00f3 **** se skl\u00e1d\u00e1 z hlavn\u00ed budovy a 3 venkovn\u00edch budov, z nich\u017e je p\u0159\u00edstavba p\u0159es ulici. &hellip; <a href=\"https:\/\/www.e-nemeckeck.cz\/blog\/2019\/03\/mallorca-9-dni-s-all-inclusive-11-990\/\" class=\"more-link\">Pokra\u010dov\u00e1n\u00ed textu <span class=\"screen-reader-text\">Mallorca 9 dn\u00ed s all inclusive 11.990,-<\/span><\/a><\/p>\n","protected":false},"author":2,"featured_media":0,"comment_status":"closed","ping_status":"closed","sticky":false,"template":"","format":"standard","meta":{"footnotes":""},"categories":[4],"tags":[],"class_list":["post-164","post","type-post","status-publish","format-standard","hentry","category-last-minute-a-jine"],"_links":{"self":[{"href":"https:\/\/www.e-nemeckeck.cz\/blog\/wp-json\/wp\/v2\/posts\/164","targetHints":{"allow":["GET"]}}],"collection":[{"href":"https:\/\/www.e-nemeckeck.cz\/blog\/wp-json\/wp\/v2\/posts"}],"about":[{"href":"https:\/\/www.e-nemeckeck.cz\/blog\/wp-json\/wp\/v2\/types\/post"}],"author":[{"embeddable":true,"href":"https:\/\/www.e-nemeckeck.cz\/blog\/wp-json\/wp\/v2\/users\/2"}],"replies":[{"embeddable":true,"href":"https:\/\/www.e-nemeckeck.cz\/blog\/wp-json\/wp\/v2\/comments?post=164"}],"version-history":[{"count":2,"href":"https:\/\/www.e-nemeckeck.cz\/blog\/wp-json\/wp\/v2\/posts\/164\/revisions"}],"predecessor-version":[{"id":167,"href":"https:\/\/www.e-nemeckeck.cz\/blog\/wp-json\/wp\/v2\/posts\/164\/revisions\/167"}],"wp:attachment":[{"href":"https:\/\/www.e-nemeckeck.cz\/blog\/wp-json\/wp\/v2\/media?parent=164"}],"wp:term":[{"taxonomy":"category","embeddable":true,"href":"https:\/\/www.e-nemeckeck.cz\/blog\/wp-json\/wp\/v2\/categories?post=164"},{"taxonomy":"post_tag","embeddable":true,"href":"https:\/\/www.e-nemeckeck.cz\/blog\/wp-json\/wp\/v2\/tags?post=164"}],"curies":[{"name":"wp","href":"https:\/\/api.w.org\/{rel}","templated":true}]}}