{"id":169,"date":"2019-03-22T12:06:49","date_gmt":"2019-03-22T11:06:49","guid":{"rendered":"https:\/\/www.e-nemeckeck.cz\/blog\/?p=169"},"modified":"2019-03-22T12:06:49","modified_gmt":"2019-03-22T11:06:49","slug":"dubaj-letecky-z-frankfurtu","status":"publish","type":"post","link":"https:\/\/www.e-nemeckeck.cz\/blog\/2019\/03\/dubaj-letecky-z-frankfurtu\/","title":{"rendered":"Dubaj, letecky z Frankfurtu"},"content":{"rendered":"<p><img loading=\"lazy\" decoding=\"async\" class=\"alignnone size-full wp-image-170\" src=\"https:\/\/www.e-nemeckeck.cz\/blog\/wp-content\/uploads\/2019\/03\/dubaj-letecky-z-frankfurtu.jpg\" alt=\"\" width=\"800\" height=\"600\" \/><\/p>\n<p><a href=\"https:\/\/www.e-nemeckeck.cz\/dovolena\/dubaj-arabsky-poloostrov\/dubaj\">Dubaj<\/a> v term\u00ednu od 26.3. (\u00fat) &#8211; 3.4. (st), <strong>7 noc\u00ed se sn\u00eddan\u00ed<\/strong> za 748 EUR (~ <a href=\"https:\/\/www.e-nemeckeck.cz\/dovolena\/dubaj-arabsky-poloostrov\/dubaj\/dubaj-city\/hotel-citymax-bur-dubai\/termin?termin=2133483873&amp;dite1=0&amp;dite2=0\">19.450 K\u010d<\/a>). Odlet Frankfurt.<\/p>\n<p>Citymax Bur Dubai le\u017e\u00ed p\u0159\u00edmo v Bur Dubaj. <strong>Bezplatn\u00e1 kyvadlov\u00e1 doprava na ve\u0159ejnou pl\u00e1\u017e<\/strong> a vybran\u00e9 n\u00e1kupn\u00ed st\u0159ediska. Doba transferu z leti\u0161t\u011b je asi 30 minut.<\/p>\n<p>Vybaven\u00ed: Hotel m\u00e1 691 pokoj\u016f, lobby, internet, Wi-Fi v cel\u00e9m hotelu (v cen\u011b), bufetov\u00e1 restaurace, restaurace, bar, baz\u00e9n a sportovn\u00ed bar a kav\u00e1rna. Baz\u00e9n se nach\u00e1z\u00ed na st\u0159e\u0161n\u00ed terase.<\/p>\n<p>Z\u00e1bava: \u017eiv\u00e1 hudba.<br \/>\nSport \/ Aktivity: Zahrnuty: Posilovna.<\/p>\n","protected":false},"excerpt":{"rendered":"<p>Dubaj v term\u00ednu od 26.3. (\u00fat) &#8211; 3.4. (st), 7 noc\u00ed se sn\u00eddan\u00ed za 748 EUR (~ 19.450 K\u010d). Odlet Frankfurt. Citymax Bur Dubai le\u017e\u00ed p\u0159\u00edmo v Bur Dubaj. Bezplatn\u00e1 kyvadlov\u00e1 doprava na ve\u0159ejnou pl\u00e1\u017e a vybran\u00e9 n\u00e1kupn\u00ed st\u0159ediska. Doba transferu z leti\u0161t\u011b je asi 30 minut. Vybaven\u00ed: Hotel m\u00e1 691 pokoj\u016f, lobby, internet, Wi-Fi &hellip; <a href=\"https:\/\/www.e-nemeckeck.cz\/blog\/2019\/03\/dubaj-letecky-z-frankfurtu\/\" class=\"more-link\">Pokra\u010dov\u00e1n\u00ed textu <span class=\"screen-reader-text\">Dubaj, letecky z Frankfurtu<\/span><\/a><\/p>\n","protected":false},"author":2,"featured_media":0,"comment_status":"closed","ping_status":"closed","sticky":false,"template":"","format":"standard","meta":{"footnotes":""},"categories":[4],"tags":[],"class_list":["post-169","post","type-post","status-publish","format-standard","hentry","category-last-minute-a-jine"],"_links":{"self":[{"href":"https:\/\/www.e-nemeckeck.cz\/blog\/wp-json\/wp\/v2\/posts\/169","targetHints":{"allow":["GET"]}}],"collection":[{"href":"https:\/\/www.e-nemeckeck.cz\/blog\/wp-json\/wp\/v2\/posts"}],"about":[{"href":"https:\/\/www.e-nemeckeck.cz\/blog\/wp-json\/wp\/v2\/types\/post"}],"author":[{"embeddable":true,"href":"https:\/\/www.e-nemeckeck.cz\/blog\/wp-json\/wp\/v2\/users\/2"}],"replies":[{"embeddable":true,"href":"https:\/\/www.e-nemeckeck.cz\/blog\/wp-json\/wp\/v2\/comments?post=169"}],"version-history":[{"count":1,"href":"https:\/\/www.e-nemeckeck.cz\/blog\/wp-json\/wp\/v2\/posts\/169\/revisions"}],"predecessor-version":[{"id":171,"href":"https:\/\/www.e-nemeckeck.cz\/blog\/wp-json\/wp\/v2\/posts\/169\/revisions\/171"}],"wp:attachment":[{"href":"https:\/\/www.e-nemeckeck.cz\/blog\/wp-json\/wp\/v2\/media?parent=169"}],"wp:term":[{"taxonomy":"category","embeddable":true,"href":"https:\/\/www.e-nemeckeck.cz\/blog\/wp-json\/wp\/v2\/categories?post=169"},{"taxonomy":"post_tag","embeddable":true,"href":"https:\/\/www.e-nemeckeck.cz\/blog\/wp-json\/wp\/v2\/tags?post=169"}],"curies":[{"name":"wp","href":"https:\/\/api.w.org\/{rel}","templated":true}]}}