{"id":178,"date":"2019-05-16T14:23:21","date_gmt":"2019-05-16T12:23:21","guid":{"rendered":"https:\/\/www.e-nemeckeck.cz\/blog\/?p=178"},"modified":"2019-05-16T14:23:21","modified_gmt":"2019-05-16T12:23:21","slug":"turecko-5-hotel-s-all-inclusive-10-690","status":"publish","type":"post","link":"https:\/\/www.e-nemeckeck.cz\/blog\/2019\/05\/turecko-5-hotel-s-all-inclusive-10-690\/","title":{"rendered":"Turecko 5* hotel s all inclusive 10.690,-"},"content":{"rendered":"<p><img loading=\"lazy\" decoding=\"async\" class=\"alignnone size-full wp-image-179\" src=\"https:\/\/www.e-nemeckeck.cz\/blog\/wp-content\/uploads\/2019\/05\/turecko-hotel-s-all-inclusive.jpg\" alt=\"\" width=\"800\" height=\"600\" \/><\/p>\n<p>Odpo\u010dinek v <a href=\"https:\/\/www.e-nemeckeck.cz\/dovolena\/turecko\">Turecku<\/a> za p\u00e1r korun? Pro\u010d ne&#8230;nab\u00edz\u00edme v\u00e1m <strong>p\u011bti hv\u011bzdi\u010dkov\u00fd hotel v Turecku<\/strong>, Kargicak v term\u00ednu 19.5. (ne) &#8211; 26.5. (ne), 7 noc\u00ed s all inclusive <a href=\"https:\/\/www.e-nemeckeck.cz\/dovolena\/turecko\/turecka-riviera\/kargicak\/hotel-gold-city-hotel-spa\/termin?termin=2325263474&amp;dite1=0&amp;dite2=0\">10.690,-<\/a>.<\/p>\n<p><a href=\"https:\/\/www.e-nemeckeck.cz\/dovolena\/turecko\/turecka-riviera\/kargicak\/hotel-gold-city-hotel-spa?co=terminy#zalozky\">Hotel Gold City<\/a> ***** le\u017e\u00ed p\u0159ibli\u017en\u011b 4 km od pl\u00e1\u017ee (kyvadlov\u00e1 doprava n\u011bkolikr\u00e1t denn\u011b v cen\u011b). K venkovn\u00edm prostor\u016fm pat\u0159\u00ed dva velk\u00e9 baz\u00e9ny, slune\u010dn\u00ed terasa, <strong>vodn\u00ed park s 12 skluzavkami<\/strong> pro dosp\u011bl\u00e9 a 8 pro d\u011bti (1.4.-31.10.).<\/p>\n<p>V cen\u011b: minigolf, TV koutek, kino, knihovna a Wi-Fi v cel\u00e9m hotelu, diskot\u00e9ka, z\u00e1bava, \u017eiv\u00e1 hudba.<br \/>\nZa poplatek: billiard, stoln\u00ed fotbal, internetov\u00e1 kav\u00e1rna, spole\u010densk\u00e9 hry centrum.<\/p>\n<p>Wellness v cen\u011b: <strong>sauna<\/strong>, hammam, parn\u00ed l\u00e1ze\u0148, whirlpool, tepid\u00e1rium.<br \/>\nZa poplatek: mas\u00e1\u017ee.<\/p>\n<p>V cen\u011b: stoln\u00ed tenis, fitness centrum, spinning, step aerobic, vodn\u00ed aerobic, b\u011b\u017eeck\u00e1 dr\u00e1ha, trampol\u00edna. Za poplatek: fotbal, basketbal, tenis, p\u016fj\u010dovna horsk\u00fdch kol.<\/p>\n<p>Mini klub (4-12 let), d\u011btsk\u00e1 z\u00e1bava, samostatn\u00fd d\u011btsk\u00fd baz\u00e9n, d\u011btsk\u00e9 h\u0159i\u0161t\u011b, herna, vodn\u00ed skluzavka, d\u011btsk\u00e9 post\u00fdlky, hl\u00edd\u00e1n\u00ed d\u011bt\u00ed.<\/p>\n","protected":false},"excerpt":{"rendered":"<p>Odpo\u010dinek v Turecku za p\u00e1r korun? Pro\u010d ne&#8230;nab\u00edz\u00edme v\u00e1m p\u011bti hv\u011bzdi\u010dkov\u00fd hotel v Turecku, Kargicak v term\u00ednu 19.5. (ne) &#8211; 26.5. (ne), 7 noc\u00ed s all inclusive 10.690,-. Hotel Gold City ***** le\u017e\u00ed p\u0159ibli\u017en\u011b 4 km od pl\u00e1\u017ee (kyvadlov\u00e1 doprava n\u011bkolikr\u00e1t denn\u011b v cen\u011b). K venkovn\u00edm prostor\u016fm pat\u0159\u00ed dva velk\u00e9 baz\u00e9ny, slune\u010dn\u00ed terasa, vodn\u00ed park &hellip; <a href=\"https:\/\/www.e-nemeckeck.cz\/blog\/2019\/05\/turecko-5-hotel-s-all-inclusive-10-690\/\" class=\"more-link\">Pokra\u010dov\u00e1n\u00ed textu <span class=\"screen-reader-text\">Turecko 5* hotel s all inclusive 10.690,-<\/span><\/a><\/p>\n","protected":false},"author":2,"featured_media":0,"comment_status":"closed","ping_status":"closed","sticky":false,"template":"","format":"standard","meta":{"footnotes":""},"categories":[4],"tags":[],"class_list":["post-178","post","type-post","status-publish","format-standard","hentry","category-last-minute-a-jine"],"_links":{"self":[{"href":"https:\/\/www.e-nemeckeck.cz\/blog\/wp-json\/wp\/v2\/posts\/178","targetHints":{"allow":["GET"]}}],"collection":[{"href":"https:\/\/www.e-nemeckeck.cz\/blog\/wp-json\/wp\/v2\/posts"}],"about":[{"href":"https:\/\/www.e-nemeckeck.cz\/blog\/wp-json\/wp\/v2\/types\/post"}],"author":[{"embeddable":true,"href":"https:\/\/www.e-nemeckeck.cz\/blog\/wp-json\/wp\/v2\/users\/2"}],"replies":[{"embeddable":true,"href":"https:\/\/www.e-nemeckeck.cz\/blog\/wp-json\/wp\/v2\/comments?post=178"}],"version-history":[{"count":1,"href":"https:\/\/www.e-nemeckeck.cz\/blog\/wp-json\/wp\/v2\/posts\/178\/revisions"}],"predecessor-version":[{"id":180,"href":"https:\/\/www.e-nemeckeck.cz\/blog\/wp-json\/wp\/v2\/posts\/178\/revisions\/180"}],"wp:attachment":[{"href":"https:\/\/www.e-nemeckeck.cz\/blog\/wp-json\/wp\/v2\/media?parent=178"}],"wp:term":[{"taxonomy":"category","embeddable":true,"href":"https:\/\/www.e-nemeckeck.cz\/blog\/wp-json\/wp\/v2\/categories?post=178"},{"taxonomy":"post_tag","embeddable":true,"href":"https:\/\/www.e-nemeckeck.cz\/blog\/wp-json\/wp\/v2\/tags?post=178"}],"curies":[{"name":"wp","href":"https:\/\/api.w.org\/{rel}","templated":true}]}}