{"id":181,"date":"2019-05-17T10:31:00","date_gmt":"2019-05-17T08:31:00","guid":{"rendered":"https:\/\/www.e-nemeckeck.cz\/blog\/?p=181"},"modified":"2019-05-17T10:31:00","modified_gmt":"2019-05-17T08:31:00","slug":"fuerteventura-s-all-inclusive-14-040","status":"publish","type":"post","link":"https:\/\/www.e-nemeckeck.cz\/blog\/2019\/05\/fuerteventura-s-all-inclusive-14-040\/","title":{"rendered":"Fuerteventura s all inclusive 14.040,-"},"content":{"rendered":"<p><img loading=\"lazy\" decoding=\"async\" class=\"alignnone size-full wp-image-182\" src=\"https:\/\/www.e-nemeckeck.cz\/blog\/wp-content\/uploads\/2019\/05\/fuerteventura-s-all-inclusive.jpg\" alt=\"\" width=\"800\" height=\"600\" \/><\/p>\n<p><strong>Fuerteventura<\/strong> l\u00e1k\u00e1 n\u00e1v\u0161t\u011bvn\u00edky na sv\u00e9 malebn\u00e9 pl\u00e1\u017ee s ubytov\u00e1n\u00edm v m\u00edst\u011b Costa Calma v term\u00ednu 21.5. (\u00fat) &#8211; 28.5. (\u00fat), <strong>7 noc\u00ed s all inclusive<\/strong> za <a href=\"https:\/\/www.e-nemeckeck.cz\/dovolena\/kanarske-ostrovy\/fuerteventura\/costa-calma\/hotel-sbh-fuerteventura-playa\/termin?termin=2325998721&amp;dite1=0&amp;dite2=0\">14.040,-<\/a>.<\/p>\n<p><a href=\"https:\/\/www.e-nemeckeck.cz\/dovolena\/kanarske-ostrovy\/fuerteventura\/costa-calma\/hotel-sbh-fuerteventura-playa?co=terminy#zalozky\">Hotel SBH Fuerteventura Playa<\/a> le\u017e\u00ed p\u0159\u00edmo na pl\u00e1\u017ei (kamenn\u00fd za\u010d\u00e1tek, jinak p\u00edse\u010dn\u00e1 pl\u00e1\u017e). Centrum s obchody je nedaleko. Autobusov\u00e1 zast\u00e1vka je jen p\u00e1r metr\u016f od hotelu.<\/p>\n<p>Tento hotel m\u00e1 celkem 300 pokoj\u016f rozlo\u017een\u00fdch na 3 podla\u017e\u00edch. K dal\u0161\u00edmu hotelov\u00e9mu vybaven\u00ed pat\u0159\u00ed recepce, v\u00fdtahy, TV m\u00edstnost, hern\u00ed koutek, internetov\u00fd koutek (za poplatek), Wi-Fi (v\u010detn\u011b), restaurace s terasou, salon bar a obchod. Venku se nach\u00e1z\u00ed <strong>zahrada s baz\u00e9nem<\/strong> a bar u baz\u00e9nu. Na terase jsou k dispozici pl\u00e1\u017eov\u00e9 leh\u00e1tka a slune\u010dn\u00edky.<\/p>\n<p>Z\u00e1bava: 6x t\u00fddenn\u00ed animace. Sport \/ Aktivity: v cen\u011b zahrnuty: aerobik, badminton, basketbal, boccia, \u0161ipky, gym, tenis, stoln\u00ed tenis, vodn\u00ed p\u00f3la, vodn\u00ed gymnastika, volejbal, j\u00f3ga. Za poplatek: pot\u00e1p\u011bn\u00ed, windsurfing a kitesurfing, stejn\u011b jako dal\u0161\u00ed vodn\u00ed sporty (m\u00edstn\u00ed poskytovatel\u00e9). Wellness: Zahrnuto: Sauna.<\/p>\n<p>Rodiny: Samostatn\u00fd d\u011btsk\u00fd baz\u00e9n, d\u011btsk\u00e9 h\u0159i\u0161t\u011b, <strong>miniklub<\/strong> (od 4 let).<\/p>\n","protected":false},"excerpt":{"rendered":"<p>Fuerteventura l\u00e1k\u00e1 n\u00e1v\u0161t\u011bvn\u00edky na sv\u00e9 malebn\u00e9 pl\u00e1\u017ee s ubytov\u00e1n\u00edm v m\u00edst\u011b Costa Calma v term\u00ednu 21.5. (\u00fat) &#8211; 28.5. (\u00fat), 7 noc\u00ed s all inclusive za 14.040,-. Hotel SBH Fuerteventura Playa le\u017e\u00ed p\u0159\u00edmo na pl\u00e1\u017ei (kamenn\u00fd za\u010d\u00e1tek, jinak p\u00edse\u010dn\u00e1 pl\u00e1\u017e). Centrum s obchody je nedaleko. Autobusov\u00e1 zast\u00e1vka je jen p\u00e1r metr\u016f od hotelu. Tento hotel &hellip; <a href=\"https:\/\/www.e-nemeckeck.cz\/blog\/2019\/05\/fuerteventura-s-all-inclusive-14-040\/\" class=\"more-link\">Pokra\u010dov\u00e1n\u00ed textu <span class=\"screen-reader-text\">Fuerteventura s all inclusive 14.040,-<\/span><\/a><\/p>\n","protected":false},"author":2,"featured_media":0,"comment_status":"closed","ping_status":"closed","sticky":false,"template":"","format":"standard","meta":{"footnotes":""},"categories":[4],"tags":[],"class_list":["post-181","post","type-post","status-publish","format-standard","hentry","category-last-minute-a-jine"],"_links":{"self":[{"href":"https:\/\/www.e-nemeckeck.cz\/blog\/wp-json\/wp\/v2\/posts\/181","targetHints":{"allow":["GET"]}}],"collection":[{"href":"https:\/\/www.e-nemeckeck.cz\/blog\/wp-json\/wp\/v2\/posts"}],"about":[{"href":"https:\/\/www.e-nemeckeck.cz\/blog\/wp-json\/wp\/v2\/types\/post"}],"author":[{"embeddable":true,"href":"https:\/\/www.e-nemeckeck.cz\/blog\/wp-json\/wp\/v2\/users\/2"}],"replies":[{"embeddable":true,"href":"https:\/\/www.e-nemeckeck.cz\/blog\/wp-json\/wp\/v2\/comments?post=181"}],"version-history":[{"count":1,"href":"https:\/\/www.e-nemeckeck.cz\/blog\/wp-json\/wp\/v2\/posts\/181\/revisions"}],"predecessor-version":[{"id":183,"href":"https:\/\/www.e-nemeckeck.cz\/blog\/wp-json\/wp\/v2\/posts\/181\/revisions\/183"}],"wp:attachment":[{"href":"https:\/\/www.e-nemeckeck.cz\/blog\/wp-json\/wp\/v2\/media?parent=181"}],"wp:term":[{"taxonomy":"category","embeddable":true,"href":"https:\/\/www.e-nemeckeck.cz\/blog\/wp-json\/wp\/v2\/categories?post=181"},{"taxonomy":"post_tag","embeddable":true,"href":"https:\/\/www.e-nemeckeck.cz\/blog\/wp-json\/wp\/v2\/tags?post=181"}],"curies":[{"name":"wp","href":"https:\/\/api.w.org\/{rel}","templated":true}]}}