{"id":184,"date":"2019-05-20T13:01:10","date_gmt":"2019-05-20T11:01:10","guid":{"rendered":"https:\/\/www.e-nemeckeck.cz\/blog\/?p=184"},"modified":"2019-05-20T13:01:10","modified_gmt":"2019-05-20T11:01:10","slug":"mallorca-s-krasnym-vyhledem-na-more","status":"publish","type":"post","link":"https:\/\/www.e-nemeckeck.cz\/blog\/2019\/05\/mallorca-s-krasnym-vyhledem-na-more\/","title":{"rendered":"Mallorca s kr\u00e1sn\u00fdm v\u00fdhledem na mo\u0159e"},"content":{"rendered":"<p><img loading=\"lazy\" decoding=\"async\" class=\"alignnone size-full wp-image-185\" src=\"https:\/\/www.e-nemeckeck.cz\/blog\/wp-content\/uploads\/2019\/05\/mallorca-s-krasnym-vyhledem-na-more.jpg\" alt=\"\" width=\"800\" height=\"600\" \/><\/p>\n<p><a href=\"https:\/\/www.e-nemeckeck.cz\/dovolena\/mallorca-menorca-ibiza\/mallorca\">Mallorca<\/a> &#8211; <strong>Cabo Regana<\/strong> v term\u00ednu 23.5. (\u010dt) &#8211; 30.5. (\u010dt), 7 noc\u00ed s all inclusive <a href=\"https:\/\/www.e-nemeckeck.cz\/dovolena\/mallorca-menorca-ibiza\/mallorca\/cabo-regana\/hotel-sun-club-el-dorado\/termin?termin=2334325559&amp;dite1=0&amp;dite2=0\">9.520,-<\/a>. Odlet Lipsko<\/p>\n<p>Hotel Sun Club El Dorado le\u017e\u00ed na \u00fatesech u Cabo Blanco. V zahrad\u011b jsou <strong>3 baz\u00e9ny<\/strong>, slune\u010dn\u00ed terasa a snack bar u baz\u00e9nu (od poloviny \u010dervna do poloviny z\u00e1\u0159\u00ed). Pl\u00e1\u017eov\u00e9 leh\u00e1tka a slune\u010dn\u00edky jsou sou\u010d\u00e1st\u00ed baz\u00e9nu.<\/p>\n<p>Sport \/ Aktivity: Zahrnuj\u00ed: Aerobik, badminton, basketbal, pl\u00e1\u017eov\u00fd volejbal, lukost\u0159elba, j\u00edzdn\u00ed kola, posilovna, horolezectv\u00ed, <strong>minigolf<\/strong>, mini fotbal, squash, tenis, stoln\u00ed tenis, vodn\u00ed aerobik. Za poplatek: kule\u010dn\u00edk, kajak, j\u00edzda na koni, pot\u00e1p\u011bn\u00ed.<br \/>\nWellness: za poplatek: mas\u00e1\u017ee.<\/p>\n<p>Rodiny: d\u011btsk\u00fd klub (3-12 let), <strong>d\u011btsk\u00fd baz\u00e9n s tobog\u00e1nem<\/strong>, d\u011btsk\u00fd park, mini disco.<\/p>\n","protected":false},"excerpt":{"rendered":"<p>Mallorca &#8211; Cabo Regana v term\u00ednu 23.5. (\u010dt) &#8211; 30.5. (\u010dt), 7 noc\u00ed s all inclusive 9.520,-. Odlet Lipsko Hotel Sun Club El Dorado le\u017e\u00ed na \u00fatesech u Cabo Blanco. V zahrad\u011b jsou 3 baz\u00e9ny, slune\u010dn\u00ed terasa a snack bar u baz\u00e9nu (od poloviny \u010dervna do poloviny z\u00e1\u0159\u00ed). Pl\u00e1\u017eov\u00e9 leh\u00e1tka a slune\u010dn\u00edky jsou sou\u010d\u00e1st\u00ed baz\u00e9nu. &hellip; <a href=\"https:\/\/www.e-nemeckeck.cz\/blog\/2019\/05\/mallorca-s-krasnym-vyhledem-na-more\/\" class=\"more-link\">Pokra\u010dov\u00e1n\u00ed textu <span class=\"screen-reader-text\">Mallorca s kr\u00e1sn\u00fdm v\u00fdhledem na mo\u0159e<\/span><\/a><\/p>\n","protected":false},"author":2,"featured_media":0,"comment_status":"closed","ping_status":"closed","sticky":false,"template":"","format":"standard","meta":{"footnotes":""},"categories":[4],"tags":[],"class_list":["post-184","post","type-post","status-publish","format-standard","hentry","category-last-minute-a-jine"],"_links":{"self":[{"href":"https:\/\/www.e-nemeckeck.cz\/blog\/wp-json\/wp\/v2\/posts\/184","targetHints":{"allow":["GET"]}}],"collection":[{"href":"https:\/\/www.e-nemeckeck.cz\/blog\/wp-json\/wp\/v2\/posts"}],"about":[{"href":"https:\/\/www.e-nemeckeck.cz\/blog\/wp-json\/wp\/v2\/types\/post"}],"author":[{"embeddable":true,"href":"https:\/\/www.e-nemeckeck.cz\/blog\/wp-json\/wp\/v2\/users\/2"}],"replies":[{"embeddable":true,"href":"https:\/\/www.e-nemeckeck.cz\/blog\/wp-json\/wp\/v2\/comments?post=184"}],"version-history":[{"count":1,"href":"https:\/\/www.e-nemeckeck.cz\/blog\/wp-json\/wp\/v2\/posts\/184\/revisions"}],"predecessor-version":[{"id":186,"href":"https:\/\/www.e-nemeckeck.cz\/blog\/wp-json\/wp\/v2\/posts\/184\/revisions\/186"}],"wp:attachment":[{"href":"https:\/\/www.e-nemeckeck.cz\/blog\/wp-json\/wp\/v2\/media?parent=184"}],"wp:term":[{"taxonomy":"category","embeddable":true,"href":"https:\/\/www.e-nemeckeck.cz\/blog\/wp-json\/wp\/v2\/categories?post=184"},{"taxonomy":"post_tag","embeddable":true,"href":"https:\/\/www.e-nemeckeck.cz\/blog\/wp-json\/wp\/v2\/tags?post=184"}],"curies":[{"name":"wp","href":"https:\/\/api.w.org\/{rel}","templated":true}]}}