{"id":188,"date":"2019-06-07T10:47:48","date_gmt":"2019-06-07T08:47:48","guid":{"rendered":"https:\/\/www.e-nemeckeck.cz\/blog\/?p=188"},"modified":"2019-06-07T10:47:48","modified_gmt":"2019-06-07T08:47:48","slug":"mallorca-s-all-inclusive-12-350","status":"publish","type":"post","link":"https:\/\/www.e-nemeckeck.cz\/blog\/2019\/06\/mallorca-s-all-inclusive-12-350\/","title":{"rendered":"Mallorca s all inclusive 12.350,-"},"content":{"rendered":"<p><img loading=\"lazy\" decoding=\"async\" class=\"alignnone size-full wp-image-189\" src=\"https:\/\/www.e-nemeckeck.cz\/blog\/wp-content\/uploads\/2019\/06\/mallorca-s-all-inclusive.jpg\" alt=\"\" width=\"800\" height=\"600\" \/><\/p>\n<p><a href=\"https:\/\/www.e-nemeckeck.cz\/dovolena\/mallorca-menorca-ibiza\/mallorca\">Mallorca<\/a> &#8211; <strong>Cala Ratjada<\/strong> v term\u00ednu 10.6. (po) &#8211; 17.6. (po), 7 noc\u00ed s all inclusive <a href=\"https:\/\/www.e-nemeckeck.cz\/dovolena\/mallorca-menorca-ibiza\/mallorca\/cala-ratjada\/aparthotel-club-cala-ratjada\/termin?termin=2426191844&amp;dite1=0&amp;dite2=0\">475 EUR (~ 12.350,-)<\/a>. Odlet Lipsko.<\/p>\n<p><a href=\"https:\/\/www.e-nemeckeck.cz\/dovolena\/mallorca-menorca-ibiza\/mallorca\/cala-ratjada\/aparthotel-club-cala-ratjada?co=terminy#zalozky\">Aparthotel Club Cala Ratjada<\/a> *** le\u017e\u00ed v zahrad\u011b, kde jsou 2 baz\u00e9ny, slune\u010dn\u00ed terasa, baz\u00e9n &#8211; snack bar. Rodiny baz\u00e9n s integrovan\u00fdm d\u011btsk\u00fdm baz\u00e9nem pro d\u011bti, mini klub (4-12 let), <strong>d\u011btsk\u00e9 h\u0159i\u0161t\u011b<\/strong>.<\/p>\n<p><strong>V cen\u011b<\/strong>: basketbal, lukost\u0159elba, \u0161ipky, stoln\u00ed tenis, vodn\u00ed aerobik, vodn\u00ed p\u00f3lo. Za poplatek: kule\u010dn\u00edk, pot\u00e1p\u011bn\u00ed a vodn\u00ed sporty na pl\u00e1\u017ei.<\/p>\n","protected":false},"excerpt":{"rendered":"<p>Mallorca &#8211; Cala Ratjada v term\u00ednu 10.6. (po) &#8211; 17.6. (po), 7 noc\u00ed s all inclusive 475 EUR (~ 12.350,-). Odlet Lipsko. Aparthotel Club Cala Ratjada *** le\u017e\u00ed v zahrad\u011b, kde jsou 2 baz\u00e9ny, slune\u010dn\u00ed terasa, baz\u00e9n &#8211; snack bar. Rodiny baz\u00e9n s integrovan\u00fdm d\u011btsk\u00fdm baz\u00e9nem pro d\u011bti, mini klub (4-12 let), d\u011btsk\u00e9 h\u0159i\u0161t\u011b. V &hellip; <a href=\"https:\/\/www.e-nemeckeck.cz\/blog\/2019\/06\/mallorca-s-all-inclusive-12-350\/\" class=\"more-link\">Pokra\u010dov\u00e1n\u00ed textu <span class=\"screen-reader-text\">Mallorca s all inclusive 12.350,-<\/span><\/a><\/p>\n","protected":false},"author":2,"featured_media":0,"comment_status":"closed","ping_status":"closed","sticky":false,"template":"","format":"standard","meta":{"footnotes":""},"categories":[4],"tags":[],"class_list":["post-188","post","type-post","status-publish","format-standard","hentry","category-last-minute-a-jine"],"_links":{"self":[{"href":"https:\/\/www.e-nemeckeck.cz\/blog\/wp-json\/wp\/v2\/posts\/188","targetHints":{"allow":["GET"]}}],"collection":[{"href":"https:\/\/www.e-nemeckeck.cz\/blog\/wp-json\/wp\/v2\/posts"}],"about":[{"href":"https:\/\/www.e-nemeckeck.cz\/blog\/wp-json\/wp\/v2\/types\/post"}],"author":[{"embeddable":true,"href":"https:\/\/www.e-nemeckeck.cz\/blog\/wp-json\/wp\/v2\/users\/2"}],"replies":[{"embeddable":true,"href":"https:\/\/www.e-nemeckeck.cz\/blog\/wp-json\/wp\/v2\/comments?post=188"}],"version-history":[{"count":1,"href":"https:\/\/www.e-nemeckeck.cz\/blog\/wp-json\/wp\/v2\/posts\/188\/revisions"}],"predecessor-version":[{"id":190,"href":"https:\/\/www.e-nemeckeck.cz\/blog\/wp-json\/wp\/v2\/posts\/188\/revisions\/190"}],"wp:attachment":[{"href":"https:\/\/www.e-nemeckeck.cz\/blog\/wp-json\/wp\/v2\/media?parent=188"}],"wp:term":[{"taxonomy":"category","embeddable":true,"href":"https:\/\/www.e-nemeckeck.cz\/blog\/wp-json\/wp\/v2\/categories?post=188"},{"taxonomy":"post_tag","embeddable":true,"href":"https:\/\/www.e-nemeckeck.cz\/blog\/wp-json\/wp\/v2\/tags?post=188"}],"curies":[{"name":"wp","href":"https:\/\/api.w.org\/{rel}","templated":true}]}}