{"id":196,"date":"2019-06-24T09:49:13","date_gmt":"2019-06-24T07:49:13","guid":{"rendered":"https:\/\/www.e-nemeckeck.cz\/blog\/?p=196"},"modified":"2019-06-24T09:49:13","modified_gmt":"2019-06-24T07:49:13","slug":"turecko-petihvezdickovy-hotel-s-all-inclusive-12-560","status":"publish","type":"post","link":"https:\/\/www.e-nemeckeck.cz\/blog\/2019\/06\/turecko-petihvezdickovy-hotel-s-all-inclusive-12-560\/","title":{"rendered":"Turecko, p\u011btihv\u011bzdi\u010dkov\u00fd hotel s all inclusive 12.560,-"},"content":{"rendered":"<p><img loading=\"lazy\" decoding=\"async\" class=\"alignnone size-full wp-image-197\" src=\"https:\/\/www.e-nemeckeck.cz\/blog\/wp-content\/uploads\/2019\/06\/turecko-petihvezdickovy-hotel-s-all-inclusive.jpg\" alt=\"\" width=\"800\" height=\"600\" \/><\/p>\n<p>Turecko &#8211; <a href=\"https:\/\/www.e-nemeckeck.cz\/dovolena\/turecko\/turecka-riviera\">Tureck\u00e1 rivi\u00e9ra<\/a> &#8211; <strong>Side<\/strong> v term\u00ednu 28.6. (p\u00e1) &#8211; 5.7. (p\u00e1) s all inclusive. Cena\/os. 483 EUR (~ <a href=\"https:\/\/www.e-nemeckeck.cz\/dovolena\/turecko\/turecka-riviera\/side\/hotel-diamond-elite-hotel-spa\/termin?termin=2506458107&amp;dite1=0&amp;dite2=0\">12.560 K\u010d<\/a>).<\/p>\n<p><a href=\"https:\/\/www.e-nemeckeck.cz\/dovolena\/turecko\/turecka-riviera\/side\/hotel-diamond-elite-hotel-spa?co=terminy#zalozky\">Hotel Diamond Elite Hotel &amp; Spa<\/a> ***** le\u017e\u00ed p\u0159ibli\u017en\u011b 300 metr\u016f od jemn\u011b sva\u017eit\u00e9 <strong>p\u00edse\u010dn\u00e9 pl\u00e1\u017ee<\/strong>. Bezplatn\u00e1 kyvadlov\u00e1 doprava na pl\u00e1\u017e. Do Side je to asi 10 kilometr\u016f, do Manavgatu asi 12 kilometr\u016f.<\/p>\n<p>Ve venkovn\u00edm are\u00e1lu se nach\u00e1z\u00ed <strong>baz\u00e9n s vodn\u00edmi skluzavkami<\/strong> (1.4.-31.10.), bar u baz\u00e9nu (1.4.-31.10.), pl\u00e1\u017eov\u00fd bar (1.4.-31.10.). De\u0161tn\u00edky, leh\u00e1tka a pl\u00e1\u017eov\u00e9 ru\u010dn\u00edky jsou sou\u010d\u00e1st\u00ed baz\u00e9nu a na pl\u00e1\u017ei.<\/p>\n<p>Z\u00e1bava: <strong>ve\u010dern\u00ed akce<\/strong>, z\u00e1bava, diskot\u00e9ka, \u017eiv\u00e1 hudba v ur\u010dit\u00fdch dnech t\u00fddne, hern\u00ed centrum. V cen\u011b: aerobik, \u0161ipky, posilovna, stoln\u00ed tenis, vodn\u00ed aerobik. Za poplatek: kule\u010dn\u00edk, j\u00edzdn\u00ed kola, j\u00edzda na koni a vodn\u00ed sporty.<\/p>\n<p>Wellness: <strong>L\u00e1ze\u0148sk\u00e9 centrum<\/strong>. Zahrnuty: parn\u00ed l\u00e1ze\u0148, kryt\u00fd baz\u00e9n, sauna. Za poplatek: kade\u0159nictv\u00ed, v\u00ed\u0159ivka, mas\u00e1\u017ee.<\/p>\n","protected":false},"excerpt":{"rendered":"<p>Turecko &#8211; Tureck\u00e1 rivi\u00e9ra &#8211; Side v term\u00ednu 28.6. (p\u00e1) &#8211; 5.7. (p\u00e1) s all inclusive. Cena\/os. 483 EUR (~ 12.560 K\u010d). Hotel Diamond Elite Hotel &amp; Spa ***** le\u017e\u00ed p\u0159ibli\u017en\u011b 300 metr\u016f od jemn\u011b sva\u017eit\u00e9 p\u00edse\u010dn\u00e9 pl\u00e1\u017ee. Bezplatn\u00e1 kyvadlov\u00e1 doprava na pl\u00e1\u017e. Do Side je to asi 10 kilometr\u016f, do Manavgatu asi 12 kilometr\u016f. &hellip; <a href=\"https:\/\/www.e-nemeckeck.cz\/blog\/2019\/06\/turecko-petihvezdickovy-hotel-s-all-inclusive-12-560\/\" class=\"more-link\">Pokra\u010dov\u00e1n\u00ed textu <span class=\"screen-reader-text\">Turecko, p\u011btihv\u011bzdi\u010dkov\u00fd hotel s all inclusive 12.560,-<\/span><\/a><\/p>\n","protected":false},"author":2,"featured_media":0,"comment_status":"closed","ping_status":"closed","sticky":false,"template":"","format":"standard","meta":{"footnotes":""},"categories":[4],"tags":[],"class_list":["post-196","post","type-post","status-publish","format-standard","hentry","category-last-minute-a-jine"],"_links":{"self":[{"href":"https:\/\/www.e-nemeckeck.cz\/blog\/wp-json\/wp\/v2\/posts\/196","targetHints":{"allow":["GET"]}}],"collection":[{"href":"https:\/\/www.e-nemeckeck.cz\/blog\/wp-json\/wp\/v2\/posts"}],"about":[{"href":"https:\/\/www.e-nemeckeck.cz\/blog\/wp-json\/wp\/v2\/types\/post"}],"author":[{"embeddable":true,"href":"https:\/\/www.e-nemeckeck.cz\/blog\/wp-json\/wp\/v2\/users\/2"}],"replies":[{"embeddable":true,"href":"https:\/\/www.e-nemeckeck.cz\/blog\/wp-json\/wp\/v2\/comments?post=196"}],"version-history":[{"count":1,"href":"https:\/\/www.e-nemeckeck.cz\/blog\/wp-json\/wp\/v2\/posts\/196\/revisions"}],"predecessor-version":[{"id":198,"href":"https:\/\/www.e-nemeckeck.cz\/blog\/wp-json\/wp\/v2\/posts\/196\/revisions\/198"}],"wp:attachment":[{"href":"https:\/\/www.e-nemeckeck.cz\/blog\/wp-json\/wp\/v2\/media?parent=196"}],"wp:term":[{"taxonomy":"category","embeddable":true,"href":"https:\/\/www.e-nemeckeck.cz\/blog\/wp-json\/wp\/v2\/categories?post=196"},{"taxonomy":"post_tag","embeddable":true,"href":"https:\/\/www.e-nemeckeck.cz\/blog\/wp-json\/wp\/v2\/tags?post=196"}],"curies":[{"name":"wp","href":"https:\/\/api.w.org\/{rel}","templated":true}]}}