{"id":21,"date":"2016-11-28T21:35:35","date_gmt":"2016-11-28T20:35:35","guid":{"rendered":"https:\/\/www.e-nemeckeck.cz\/blog\/?p=21"},"modified":"2017-01-10T10:28:14","modified_gmt":"2017-01-10T09:28:14","slug":"turistika-madeire-prosinci-proc-ne","status":"publish","type":"post","link":"https:\/\/www.e-nemeckeck.cz\/blog\/2016\/11\/turistika-madeire-prosinci-proc-ne\/","title":{"rendered":"Turistika na Madei\u0159e v prosinci? Pro\u010d ne"},"content":{"rendered":"<p><img loading=\"lazy\" decoding=\"async\" class=\"alignnone size-full wp-image-22\" src=\"https:\/\/www.e-nemeckeck.cz\/blog\/wp-content\/uploads\/2016\/11\/hostel-quinta-da-quebrada.jpg\" alt=\"hostel-quinta-da-quebrada\" width=\"300\" height=\"225\" \/><\/p>\n<p>29.11. \u2013 6.12.2016 m\u016f\u017eete za\u017e\u00edt pozn\u00e1vac\u00ed turistickou dovolenou na <a href=\"https:\/\/www.e-nemeckeck.cz\/dovolena\/portugalsko\/madeira\">Madei\u0159e<\/a>, <strong>Portugalsko<\/strong>. Osmi denn\u00ed pobyt se sn\u00eddan\u00ed stoj\u00ed 9.900,-. Odlet Dr\u00e1\u017e\u010fany.<\/p>\n<p><a href=\"https:\/\/www.e-nemeckeck.cz\/dovolena\/portugalsko\/madeira\/hostel-quinta-da-quebrada-27324\">Hostel Quinta da Quebrada<\/a> le\u017e\u00ed uprost\u0159ed ovocn\u00e9 a zeleninov\u00e9 zahrady v <strong>Arco de S\u00e3o Jorge<\/strong> na severn\u00edm pob\u0159e\u017e\u00ed Madeiry. N\u00e1kupy a restaurace jsou asi 1250 metr\u016f.<\/p>\n<p>Vybaven\u00ed: Komplex se skl\u00e1d\u00e1 z 7 mal\u00fdch tradi\u010dn\u00edch penzion\u016f s recepc\u00ed. Ide\u00e1ln\u00edm v\u00fdchoz\u00edm bodem pro <strong>p\u011b\u0161\u00ed t\u00fary<\/strong>.<\/p>\n","protected":false},"excerpt":{"rendered":"<p>29.11. \u2013 6.12.2016 m\u016f\u017eete za\u017e\u00edt pozn\u00e1vac\u00ed turistickou dovolenou na Madei\u0159e, Portugalsko. Osmi denn\u00ed pobyt se sn\u00eddan\u00ed stoj\u00ed 9.900,-. Odlet Dr\u00e1\u017e\u010fany. Hostel Quinta da Quebrada le\u017e\u00ed uprost\u0159ed ovocn\u00e9 a zeleninov\u00e9 zahrady v Arco de S\u00e3o Jorge na severn\u00edm pob\u0159e\u017e\u00ed Madeiry. N\u00e1kupy a restaurace jsou asi 1250 metr\u016f. Vybaven\u00ed: Komplex se skl\u00e1d\u00e1 z 7 mal\u00fdch tradi\u010dn\u00edch penzion\u016f &hellip; <a href=\"https:\/\/www.e-nemeckeck.cz\/blog\/2016\/11\/turistika-madeire-prosinci-proc-ne\/\" class=\"more-link\">Pokra\u010dov\u00e1n\u00ed textu <span class=\"screen-reader-text\">Turistika na Madei\u0159e v prosinci? Pro\u010d ne<\/span><\/a><\/p>\n","protected":false},"author":2,"featured_media":0,"comment_status":"closed","ping_status":"closed","sticky":false,"template":"","format":"standard","meta":{"footnotes":""},"categories":[1],"tags":[],"class_list":["post-21","post","type-post","status-publish","format-standard","hentry","category-nezarazene"],"_links":{"self":[{"href":"https:\/\/www.e-nemeckeck.cz\/blog\/wp-json\/wp\/v2\/posts\/21","targetHints":{"allow":["GET"]}}],"collection":[{"href":"https:\/\/www.e-nemeckeck.cz\/blog\/wp-json\/wp\/v2\/posts"}],"about":[{"href":"https:\/\/www.e-nemeckeck.cz\/blog\/wp-json\/wp\/v2\/types\/post"}],"author":[{"embeddable":true,"href":"https:\/\/www.e-nemeckeck.cz\/blog\/wp-json\/wp\/v2\/users\/2"}],"replies":[{"embeddable":true,"href":"https:\/\/www.e-nemeckeck.cz\/blog\/wp-json\/wp\/v2\/comments?post=21"}],"version-history":[{"count":2,"href":"https:\/\/www.e-nemeckeck.cz\/blog\/wp-json\/wp\/v2\/posts\/21\/revisions"}],"predecessor-version":[{"id":32,"href":"https:\/\/www.e-nemeckeck.cz\/blog\/wp-json\/wp\/v2\/posts\/21\/revisions\/32"}],"wp:attachment":[{"href":"https:\/\/www.e-nemeckeck.cz\/blog\/wp-json\/wp\/v2\/media?parent=21"}],"wp:term":[{"taxonomy":"category","embeddable":true,"href":"https:\/\/www.e-nemeckeck.cz\/blog\/wp-json\/wp\/v2\/categories?post=21"},{"taxonomy":"post_tag","embeddable":true,"href":"https:\/\/www.e-nemeckeck.cz\/blog\/wp-json\/wp\/v2\/tags?post=21"}],"curies":[{"name":"wp","href":"https:\/\/api.w.org\/{rel}","templated":true}]}}