{"id":28,"date":"2016-12-06T20:51:46","date_gmt":"2016-12-06T19:51:46","guid":{"rendered":"https:\/\/www.e-nemeckeck.cz\/blog\/?p=28"},"modified":"2017-01-10T10:28:16","modified_gmt":"2017-01-10T09:28:16","slug":"maledivy-odlet-12-12-se-snidani-39-900","status":"publish","type":"post","link":"https:\/\/www.e-nemeckeck.cz\/blog\/2016\/12\/maledivy-odlet-12-12-se-snidani-39-900\/","title":{"rendered":"Maledivy odlet 12.12. se sn\u00eddan\u00ed 39.900,-"},"content":{"rendered":"<p><img loading=\"lazy\" decoding=\"async\" class=\"alignnone size-full wp-image-29\" src=\"https:\/\/www.e-nemeckeck.cz\/blog\/wp-content\/uploads\/2016\/12\/hotel-holiday-island.jpg\" alt=\"hotel-holiday-island\" width=\"800\" height=\"530\" srcset=\"https:\/\/www.e-nemeckeck.cz\/blog\/wp-content\/uploads\/2016\/12\/hotel-holiday-island.jpg 800w, https:\/\/www.e-nemeckeck.cz\/blog\/wp-content\/uploads\/2016\/12\/hotel-holiday-island-300x199.jpg 300w, https:\/\/www.e-nemeckeck.cz\/blog\/wp-content\/uploads\/2016\/12\/hotel-holiday-island-768x509.jpg 768w\" sizes=\"auto, (max-width: 800px) 100vw, 800px\" \/><\/p>\n<p>Exotick\u00e1 dovolen\u00e1 p\u0159es n\u011bmeckou cestovn\u00ed kancel\u00e1\u0159 za v\u00fdhodnou cenu. <strong>Indick\u00fd oce\u00e1n<\/strong>, <a href=\"https:\/\/www.e-nemeckeck.cz\/last-minute-dovolena\/indicky-ocean\/maledivy\">Maledivy<\/a> se sn\u00eddan\u00ed za 39.900,-. Term\u00edn 12.12. -20.12.2016. Odlet Mnichov.<\/p>\n<p>Na ji\u017en\u00edm c\u00edpu Ari atol\u016f. D\u016fm je asi 600 m od vn\u011bj\u0161\u00edho \u00fatesu cca 2km, z nich\u017e oba jsou p\u0159\u00edstupn\u00e9 lod\u00ed. P\u0159enos prob\u00edh\u00e1 s vrtulov\u00fdm letadlem (asi 20 minut) z leti\u0161t\u011b Maamigili. A transfer lod\u00ed na ostrov (cca 5 minut).<\/p>\n<p>Pravideln\u00e1 <strong>\u017eiv\u00e1 z\u00e1bava<\/strong> s hudbou a karaoke. Folklorn\u00ed p\u0159ehl\u00eddky.<\/p>\n<p>Sport \/ Aktivity: V\u010detn\u011b: Badminton, basketbal, pl\u00e1\u017eov\u00fd volejbal, kule\u010dn\u00edk, <strong>posilovna<\/strong> a stoln\u00ed tenis.<\/p>\n","protected":false},"excerpt":{"rendered":"<p>Exotick\u00e1 dovolen\u00e1 p\u0159es n\u011bmeckou cestovn\u00ed kancel\u00e1\u0159 za v\u00fdhodnou cenu. Indick\u00fd oce\u00e1n, Maledivy se sn\u00eddan\u00ed za 39.900,-. Term\u00edn 12.12. -20.12.2016. Odlet Mnichov. Na ji\u017en\u00edm c\u00edpu Ari atol\u016f. D\u016fm je asi 600 m od vn\u011bj\u0161\u00edho \u00fatesu cca 2km, z nich\u017e oba jsou p\u0159\u00edstupn\u00e9 lod\u00ed. P\u0159enos prob\u00edh\u00e1 s vrtulov\u00fdm letadlem (asi 20 minut) z leti\u0161t\u011b Maamigili. A transfer &hellip; <a href=\"https:\/\/www.e-nemeckeck.cz\/blog\/2016\/12\/maledivy-odlet-12-12-se-snidani-39-900\/\" class=\"more-link\">Pokra\u010dov\u00e1n\u00ed textu <span class=\"screen-reader-text\">Maledivy odlet 12.12. se sn\u00eddan\u00ed 39.900,-<\/span><\/a><\/p>\n","protected":false},"author":2,"featured_media":0,"comment_status":"closed","ping_status":"closed","sticky":false,"template":"","format":"standard","meta":{"footnotes":""},"categories":[4],"tags":[],"class_list":["post-28","post","type-post","status-publish","format-standard","hentry","category-last-minute-a-jine"],"_links":{"self":[{"href":"https:\/\/www.e-nemeckeck.cz\/blog\/wp-json\/wp\/v2\/posts\/28","targetHints":{"allow":["GET"]}}],"collection":[{"href":"https:\/\/www.e-nemeckeck.cz\/blog\/wp-json\/wp\/v2\/posts"}],"about":[{"href":"https:\/\/www.e-nemeckeck.cz\/blog\/wp-json\/wp\/v2\/types\/post"}],"author":[{"embeddable":true,"href":"https:\/\/www.e-nemeckeck.cz\/blog\/wp-json\/wp\/v2\/users\/2"}],"replies":[{"embeddable":true,"href":"https:\/\/www.e-nemeckeck.cz\/blog\/wp-json\/wp\/v2\/comments?post=28"}],"version-history":[{"count":2,"href":"https:\/\/www.e-nemeckeck.cz\/blog\/wp-json\/wp\/v2\/posts\/28\/revisions"}],"predecessor-version":[{"id":33,"href":"https:\/\/www.e-nemeckeck.cz\/blog\/wp-json\/wp\/v2\/posts\/28\/revisions\/33"}],"wp:attachment":[{"href":"https:\/\/www.e-nemeckeck.cz\/blog\/wp-json\/wp\/v2\/media?parent=28"}],"wp:term":[{"taxonomy":"category","embeddable":true,"href":"https:\/\/www.e-nemeckeck.cz\/blog\/wp-json\/wp\/v2\/categories?post=28"},{"taxonomy":"post_tag","embeddable":true,"href":"https:\/\/www.e-nemeckeck.cz\/blog\/wp-json\/wp\/v2\/tags?post=28"}],"curies":[{"name":"wp","href":"https:\/\/api.w.org\/{rel}","templated":true}]}}