{"id":35,"date":"2017-01-10T11:26:35","date_gmt":"2017-01-10T10:26:35","guid":{"rendered":"https:\/\/www.e-nemeckeck.cz\/blog\/?p=35"},"modified":"2017-01-10T11:27:34","modified_gmt":"2017-01-10T10:27:34","slug":"zmena-webu-e-nemeckeck-cz","status":"publish","type":"post","link":"https:\/\/www.e-nemeckeck.cz\/blog\/2017\/01\/zmena-webu-e-nemeckeck-cz\/","title":{"rendered":"Zm\u011bna webu e-nemeckeck.cz"},"content":{"rendered":"<p><img loading=\"lazy\" decoding=\"async\" src=\"https:\/\/www.e-nemeckeck.cz\/blog\/wp-content\/uploads\/2017\/01\/odletajici-letadlo.jpg\" alt=\"odletajici-letadlo\" width=\"800\" height=\"572\" class=\"alignnone size-full wp-image-36\" srcset=\"https:\/\/www.e-nemeckeck.cz\/blog\/wp-content\/uploads\/2017\/01\/odletajici-letadlo.jpg 800w, https:\/\/www.e-nemeckeck.cz\/blog\/wp-content\/uploads\/2017\/01\/odletajici-letadlo-300x215.jpg 300w, https:\/\/www.e-nemeckeck.cz\/blog\/wp-content\/uploads\/2017\/01\/odletajici-letadlo-768x549.jpg 768w\" sizes=\"auto, (max-width: 800px) 100vw, 800px\" \/><\/p>\n<p>Koncem minul\u00e9ho roku a p\u0159edev\u0161\u00edm pak za\u010d\u00e1tkem v roku leto\u0161n\u00edho jsme zprovoznili \u00fapln\u011b <strong>nov\u00fd syst\u00e9m<\/strong> nab\u00eddky z\u00e1jezd\u016f n\u011bmeck\u00fdch cestovn\u00edch kancel\u00e1\u0159\u00ed, kterou prezentujeme na webu <a href=\"https:\/\/www.e-nemeckeck.cz\/\">e-nemeckeck.cz<\/a>. Do\u0161lo hned k n\u011bkolika z\u00e1sadn\u00edm zm\u011bn\u00e1m, kter\u00e9 by v\u00e1m m\u011bly usnadnit vyhled\u00e1v\u00e1n\u00ed dovolen\u00e9, po\u0159\u00e1dan\u00e9 v\u00fdznamn\u00fdmi n\u011bmeck\u00fdmi cestovn\u00edmi kancel\u00e1\u0159emi.<\/p>\n<p>K nejz\u00e1sadn\u011bj\u0161\u00ed zm\u011bn\u011b z pohledu u\u017eivatele do\u0161lo v <strong>designu webov\u00e9 str\u00e1nky<\/strong>. Sna\u017eili jsme se, aby byl web odleh\u010den\u00fd a p\u0159edev\u0161\u00edm funk\u010dn\u00ed. Odstranili jsme ve\u0161ker\u00e9  dle na\u0161eho n\u00e1zoru nepodstatn\u00e9 v\u011bci a v\u0161echny prezentovan\u00e9 informace se nyn\u00ed bezprost\u0159edn\u011b t\u00fdkaj\u00ed z\u00e1jezd\u016f a dovolen\u00e9.<\/p>\n<p><!--more--><\/p>\n<p>Web je v sou\u010dasnosti <strong>pln\u011b responzivn\u00ed<\/strong>. To znamen\u00e1, \u017ee a\u0165 se na n\u011bj pod\u00edv\u00e1te z desktopov\u00e9ho po\u010d\u00edta\u010de, notebooku, tabletu nebo chytr\u00e9ho telefonu, str\u00e1nky budou funk\u010dn\u00ed a budou zobrazovat v\u0161echny pot\u0159ebn\u00e9 informace.<\/p>\n<p>K na prvn\u00ed pohled nep\u0159\u00edli\u0161 viditeln\u00fdm zm\u011bn\u00e1m do\u0161lo i v datab\u00e1zi z\u00e1jezd\u016f, z kter\u00e9 je nab\u00eddka dovolen\u00e9 s n\u011bmeckou cestovn\u00ed kancel\u00e1\u0159i v re\u00e1ln\u00e9m \u010dase vytv\u00e1\u0159ena. Krom\u011b skute\u010dnosti, \u017ee je dle na\u0161ich intern\u00edch m\u011b\u0159en\u00ed o t\u00e9m\u011b\u0159 <strong>40% rychlej\u0161\u00ed<\/strong> a vyhled\u00e1v\u00e1n\u00ed nab\u00eddek je efektivn\u011bj\u0161\u00ed, do\u0161lo i k dal\u0161\u00ed z\u00e1sadn\u00ed zm\u011bn\u011b ve filozofii n\u00e1vrhu datab\u00e1ze.<\/p>\n<p>Opustili jsme ceny za dosp\u011blou osobu a nyn\u00ed po\u010d\u00edt\u00e1me a porovn\u00e1v\u00e1me <strong>ceny za v\u0161echny cestuj\u00edc\u00ed<\/strong>. V sou\u010dasn\u00e9 dob\u011b tak nab\u00edz\u00edme mo\u017enost vyhled\u00e1v\u00e1n\u00ed a porovn\u00e1v\u00e1n\u00ed rovnou celkov\u00fdch cen za z\u00e1jezd p\u0159i zohledn\u011bn\u00ed po\u010dtu cestuj\u00edc\u00edch osob. To v praxi znamen\u00e1, \u017ee v\u00e1m rovnou spo\u010d\u00edt\u00e1me kone\u010dnou cenu za v\u0161echny osoby, kter\u00e9 se z\u00e1jezdu \u00fa\u010dastn\u00ed, a to v\u010detn\u011b zohledn\u011bn\u00ed v\u011bku cestuj\u00edc\u00edch d\u011bt\u00ed.<\/p>\n<p>Nap\u0159\u00edklad pokud se chce na dovolenou s n\u011bmeckou cestovkou vydat cel\u00e1 rodina, pak polet\u00ed dva dosp\u011bl\u00e9, kte\u0159\u00ed s sebou cht\u011bj\u00ed vz\u00edt dv\u011b d\u011bti ve v\u011bku 4 a 10 let. Nyn\u00ed sta\u010d\u00ed do vyhled\u00e1vac\u00edho formul\u00e1\u0159e zadat p\u0159\u00edslu\u0161n\u00e9 \u00fadaje a syst\u00e9m v\u00e1m rovnou vypo\u010d\u00edt\u00e1, porovn\u00e1 a nab\u00eddne nejv\u00fdhodn\u011bj\u0161\u00ed celkovou cenu za celou cestuj\u00edc\u00ed rodinu.<\/p>\n<p>Dal\u0161\u00ed v\u00fdznamnou zm\u011bnou bylo <strong>slou\u010den\u00ed jednoho fyzick\u00e9ho objektu<\/strong> od r\u016fzn\u00fdch touroper\u00e1tor\u016f pod jeden. Tato zm\u011bna v praxi znamen\u00e1, \u017ee u\u017e v\u00e1m nebudeme p\u0159i zad\u00e1n\u00ed konkr\u00e9tn\u00edch vyhled\u00e1vac\u00edch krit\u00e9ri\u00ed nab\u00edzet jeden objekt n\u011bkolikr\u00e1t, ale rovnou v\u00e1m vybereme ten nejv\u00fdhodn\u011bj\u0161\u00ed term\u00edn, vyhovuj\u00edc\u00ed v\u0161em va\u0161im po\u017eadavk\u016fm.<\/p>\n<p>K dal\u0161\u00edm zm\u011bn\u00e1m ur\u010dit\u011b n\u00e1le\u017e\u00ed <strong>vy\u0161\u0161\u00ed kvalita fotografi\u00ed<\/strong>. Ty jsou nyn\u00ed ve vysok\u00e9m rozli\u0161en\u00ed a d\u00e1vaj\u00ed v\u00e1m tak mnohem lep\u0161\u00ed p\u0159edstavu o tom, jak dan\u00fd hotel vypad\u00e1 nejen zven\u010d\u00ed, ale i v interi\u00e9ru.<\/p>\n<p>Na\u0161e pr\u00e1ce na nov\u00e9m webu samoz\u0159ejm\u011b nekon\u010d\u00ed a m\u016f\u017eete se t\u011b\u0161it na <strong>dal\u0161\u00ed pl\u00e1novan\u00e9 zm\u011bny<\/strong>, kter\u00e9 v\u00e1m nejen usnadn\u00ed v\u00fdb\u011br dovolen\u00e9 a umo\u017en\u00ed orientovat se v \u0161irok\u00e9 nab\u00eddce z\u00e1jezd\u016f od n\u011bmeck\u00fdch cestovn\u00edch kancel\u00e1\u0159\u00ed tak, abychom v\u00e1m nab\u00edzeli p\u0159esn\u011b ty objekty a hotely, kter\u00e9 v\u00e1s v danou chv\u00edli zaj\u00edmaj\u00ed. Chystan\u00e1 vylep\u0161en\u00ed, na nich\u017e moment\u00e1ln\u011b pracujeme, zv\u00fd\u0161\u00ed t\u00e9\u017e u\u017eivatelsk\u00fd komfort p\u0159i proch\u00e1zen\u00ed a pou\u017e\u00edv\u00e1n\u00ed webu.<\/p>\n<p>D\u011bkujeme za p\u0159\u00edze\u0148 a douf\u00e1me, \u017ee aplikovan\u00e9 zm\u011bny v\u00e1m usnadn\u00ed a urychl\u00ed v\u00fdb\u011br va\u0161\u00ed dovolen\u00e9.<\/p>\n","protected":false},"excerpt":{"rendered":"<p>Koncem minul\u00e9ho roku a p\u0159edev\u0161\u00edm pak za\u010d\u00e1tkem v roku leto\u0161n\u00edho jsme zprovoznili \u00fapln\u011b nov\u00fd syst\u00e9m nab\u00eddky z\u00e1jezd\u016f n\u011bmeck\u00fdch cestovn\u00edch kancel\u00e1\u0159\u00ed, kterou prezentujeme na webu e-nemeckeck.cz. Do\u0161lo hned k n\u011bkolika z\u00e1sadn\u00edm zm\u011bn\u00e1m, kter\u00e9 by v\u00e1m m\u011bly usnadnit vyhled\u00e1v\u00e1n\u00ed dovolen\u00e9, po\u0159\u00e1dan\u00e9 v\u00fdznamn\u00fdmi n\u011bmeck\u00fdmi cestovn\u00edmi kancel\u00e1\u0159emi. K nejz\u00e1sadn\u011bj\u0161\u00ed zm\u011bn\u011b z pohledu u\u017eivatele do\u0161lo v designu webov\u00e9 str\u00e1nky. Sna\u017eili &hellip; <a href=\"https:\/\/www.e-nemeckeck.cz\/blog\/2017\/01\/zmena-webu-e-nemeckeck-cz\/\" class=\"more-link\">Pokra\u010dov\u00e1n\u00ed textu <span class=\"screen-reader-text\">Zm\u011bna webu e-nemeckeck.cz<\/span><\/a><\/p>\n","protected":false},"author":1,"featured_media":0,"comment_status":"closed","ping_status":"closed","sticky":false,"template":"","format":"standard","meta":{"footnotes":""},"categories":[5],"tags":[],"class_list":["post-35","post","type-post","status-publish","format-standard","hentry","category-system"],"_links":{"self":[{"href":"https:\/\/www.e-nemeckeck.cz\/blog\/wp-json\/wp\/v2\/posts\/35","targetHints":{"allow":["GET"]}}],"collection":[{"href":"https:\/\/www.e-nemeckeck.cz\/blog\/wp-json\/wp\/v2\/posts"}],"about":[{"href":"https:\/\/www.e-nemeckeck.cz\/blog\/wp-json\/wp\/v2\/types\/post"}],"author":[{"embeddable":true,"href":"https:\/\/www.e-nemeckeck.cz\/blog\/wp-json\/wp\/v2\/users\/1"}],"replies":[{"embeddable":true,"href":"https:\/\/www.e-nemeckeck.cz\/blog\/wp-json\/wp\/v2\/comments?post=35"}],"version-history":[{"count":2,"href":"https:\/\/www.e-nemeckeck.cz\/blog\/wp-json\/wp\/v2\/posts\/35\/revisions"}],"predecessor-version":[{"id":38,"href":"https:\/\/www.e-nemeckeck.cz\/blog\/wp-json\/wp\/v2\/posts\/35\/revisions\/38"}],"wp:attachment":[{"href":"https:\/\/www.e-nemeckeck.cz\/blog\/wp-json\/wp\/v2\/media?parent=35"}],"wp:term":[{"taxonomy":"category","embeddable":true,"href":"https:\/\/www.e-nemeckeck.cz\/blog\/wp-json\/wp\/v2\/categories?post=35"},{"taxonomy":"post_tag","embeddable":true,"href":"https:\/\/www.e-nemeckeck.cz\/blog\/wp-json\/wp\/v2\/tags?post=35"}],"curies":[{"name":"wp","href":"https:\/\/api.w.org\/{rel}","templated":true}]}}