{"id":41,"date":"2017-01-18T10:52:14","date_gmt":"2017-01-18T09:52:14","guid":{"rendered":"https:\/\/www.e-nemeckeck.cz\/blog\/?p=41"},"modified":"2017-03-27T13:22:19","modified_gmt":"2017-03-27T11:22:19","slug":"kanarske-ostrovy-all-inclusive-481-euro","status":"publish","type":"post","link":"https:\/\/www.e-nemeckeck.cz\/blog\/2017\/01\/kanarske-ostrovy-all-inclusive-481-euro\/","title":{"rendered":"Kan\u00e1rsk\u00e9 ostrovy s all inclusive 481 Euro"},"content":{"rendered":"<p><img loading=\"lazy\" decoding=\"async\" class=\"alignnone size-full wp-image-82\" src=\"https:\/\/www.e-nemeckeck.cz\/blog\/wp-content\/uploads\/2017\/01\/kanarske-ostrovy-s-all-inclusive-481-euro-1.jpg\" alt=\"\" width=\"800\" height=\"600\" srcset=\"https:\/\/www.e-nemeckeck.cz\/blog\/wp-content\/uploads\/2017\/01\/kanarske-ostrovy-s-all-inclusive-481-euro-1.jpg 800w, https:\/\/www.e-nemeckeck.cz\/blog\/wp-content\/uploads\/2017\/01\/kanarske-ostrovy-s-all-inclusive-481-euro-1-300x225.jpg 300w, https:\/\/www.e-nemeckeck.cz\/blog\/wp-content\/uploads\/2017\/01\/kanarske-ostrovy-s-all-inclusive-481-euro-1-768x576.jpg 768w\" sizes=\"auto, (max-width: 800px) 100vw, 800px\" \/><\/p>\n<p>Zale\u0165te se oh\u0159\u00e1t na <strong>Kan\u00e1rsk\u00e9 ostrovy<\/strong>, <a href=\"https:\/\/www.e-nemeckeck.cz\/dovolena\/kanarske-ostrovy\/fuerteventura\">Fuerteventura<\/a> s all inclusive za 481 Euro. Term\u00edn 23.1. &#8211; 30.1.2017. Odlet Lipsko.<\/p>\n<p>Kr\u00e1sn\u00fd hotel <a href=\"https:\/\/www.e-nemeckeck.cz\/dovolena\/kanarske-ostrovy\/fuerteventura\/costa-calma\/hotel-fuerteventura-playa\">Fuerteventura Playa ****<\/a> le\u017e\u00ed <strong>p\u0159\u00edmo na pl\u00e1\u017ei<\/strong> nedaleko od centra s r\u016fzn\u00fdmi n\u00e1kupn\u00edmi mo\u017enostmi. K dispozici d\u011btsk\u00fd baz\u00e9n, d\u011btsk\u00e9 h\u0159i\u0161t\u011b a klub od 4 let. 6 x t\u00fddn\u011b se konaj\u00ed animace a r\u016fzn\u00e9 t\u00e9matick\u00e9 ve\u010dery. Venku se nach\u00e1z\u00ed kr\u00e1sn\u00e1 <strong>zahrada s baz\u00e9nem<\/strong> a s barem u baz\u00e9nu.<\/p>\n<p>V cen\u011b je zahrnuta <strong>finsk\u00e1 sauna<\/strong> a \u0159ada sportovn\u00edch aktivit, jako nap\u0159.: aerobik, badminton, \u0161ipky, posilovna, tenis, stoln\u00ed tenis, vodn\u00ed p\u00f3lo, vodn\u00ed aerobik a j\u00f3ga. P\u0159iplatit si m\u016f\u017eeme za pot\u00e1p\u011bn\u00ed, windsurfing a kite surfing.<\/p>\n","protected":false},"excerpt":{"rendered":"<p>Zale\u0165te se oh\u0159\u00e1t na Kan\u00e1rsk\u00e9 ostrovy, Fuerteventura s all inclusive za 481 Euro. Term\u00edn 23.1. &#8211; 30.1.2017. Odlet Lipsko. Kr\u00e1sn\u00fd hotel Fuerteventura Playa **** le\u017e\u00ed p\u0159\u00edmo na pl\u00e1\u017ei nedaleko od centra s r\u016fzn\u00fdmi n\u00e1kupn\u00edmi mo\u017enostmi. K dispozici d\u011btsk\u00fd baz\u00e9n, d\u011btsk\u00e9 h\u0159i\u0161t\u011b a klub od 4 let. 6 x t\u00fddn\u011b se konaj\u00ed animace a r\u016fzn\u00e9 t\u00e9matick\u00e9 &hellip; <a href=\"https:\/\/www.e-nemeckeck.cz\/blog\/2017\/01\/kanarske-ostrovy-all-inclusive-481-euro\/\" class=\"more-link\">Pokra\u010dov\u00e1n\u00ed textu <span class=\"screen-reader-text\">Kan\u00e1rsk\u00e9 ostrovy s all inclusive 481 Euro<\/span><\/a><\/p>\n","protected":false},"author":2,"featured_media":0,"comment_status":"closed","ping_status":"closed","sticky":false,"template":"","format":"standard","meta":{"footnotes":""},"categories":[4],"tags":[],"class_list":["post-41","post","type-post","status-publish","format-standard","hentry","category-last-minute-a-jine"],"_links":{"self":[{"href":"https:\/\/www.e-nemeckeck.cz\/blog\/wp-json\/wp\/v2\/posts\/41","targetHints":{"allow":["GET"]}}],"collection":[{"href":"https:\/\/www.e-nemeckeck.cz\/blog\/wp-json\/wp\/v2\/posts"}],"about":[{"href":"https:\/\/www.e-nemeckeck.cz\/blog\/wp-json\/wp\/v2\/types\/post"}],"author":[{"embeddable":true,"href":"https:\/\/www.e-nemeckeck.cz\/blog\/wp-json\/wp\/v2\/users\/2"}],"replies":[{"embeddable":true,"href":"https:\/\/www.e-nemeckeck.cz\/blog\/wp-json\/wp\/v2\/comments?post=41"}],"version-history":[{"count":5,"href":"https:\/\/www.e-nemeckeck.cz\/blog\/wp-json\/wp\/v2\/posts\/41\/revisions"}],"predecessor-version":[{"id":83,"href":"https:\/\/www.e-nemeckeck.cz\/blog\/wp-json\/wp\/v2\/posts\/41\/revisions\/83"}],"wp:attachment":[{"href":"https:\/\/www.e-nemeckeck.cz\/blog\/wp-json\/wp\/v2\/media?parent=41"}],"wp:term":[{"taxonomy":"category","embeddable":true,"href":"https:\/\/www.e-nemeckeck.cz\/blog\/wp-json\/wp\/v2\/categories?post=41"},{"taxonomy":"post_tag","embeddable":true,"href":"https:\/\/www.e-nemeckeck.cz\/blog\/wp-json\/wp\/v2\/tags?post=41"}],"curies":[{"name":"wp","href":"https:\/\/api.w.org\/{rel}","templated":true}]}}