{"id":55,"date":"2017-02-15T10:40:38","date_gmt":"2017-02-15T09:40:38","guid":{"rendered":"https:\/\/www.e-nemeckeck.cz\/blog\/?p=55"},"modified":"2017-03-31T10:25:10","modified_gmt":"2017-03-31T08:25:10","slug":"rodinna-dovolena-mallorce","status":"publish","type":"post","link":"https:\/\/www.e-nemeckeck.cz\/blog\/2017\/02\/rodinna-dovolena-mallorce\/","title":{"rendered":"Rodinn\u00e1 dovolen\u00e1 na Mallorce"},"content":{"rendered":"<p><img loading=\"lazy\" decoding=\"async\" class=\"alignnone size-full wp-image-89\" src=\"https:\/\/www.e-nemeckeck.cz\/blog\/wp-content\/uploads\/2017\/02\/rodinna-dovolena.jpg\" alt=\"\" width=\"800\" height=\"600\" srcset=\"https:\/\/www.e-nemeckeck.cz\/blog\/wp-content\/uploads\/2017\/02\/rodinna-dovolena.jpg 800w, https:\/\/www.e-nemeckeck.cz\/blog\/wp-content\/uploads\/2017\/02\/rodinna-dovolena-300x225.jpg 300w, https:\/\/www.e-nemeckeck.cz\/blog\/wp-content\/uploads\/2017\/02\/rodinna-dovolena-768x576.jpg 768w\" sizes=\"auto, (max-width: 800px) 100vw, 800px\" \/><\/p>\n<p>Le\u0165te se svou rodinou v \u010dervnu na <a href=\"https:\/\/www.e-nemeckeck.cz\/dovolena\/mallorca-menorca-ibiza\/mallorca\">Mallorcu<\/a>, za osm dn\u00ed s <strong>all inclusive<\/strong> pro dva dosp\u011bl\u00e9 a d\u00edt\u011b zaplat\u00edte <a href=\"https:\/\/www.e-nemeckeck.cz\/dovolena\/mallorca-menorca-ibiza\/mallorca\/calas-de-mallorca\/aparthotel-hyb-club-eurocalas-typ-a1\/termin?termin=135024653&amp;dite1=3&amp;dite2=0\">40.180,-<\/a>. Term\u00edn 1.6. &#8211; 8.6.2017, odlet Mnichov.<\/p>\n<p>Z\u00e1toka <strong>Cala Antena<\/strong> s p\u00edse\u010dnou pl\u00e1\u017e\u00ed je vzd\u00e1lena cca 350 m, pl\u00e1\u017e <strong>Cala Domingos<\/strong> cca 1,4 km. Vybaven\u00ed hotelu bylo \u010d\u00e1ste\u010dn\u011b v roce 2016 rekonstruov\u00e1no a bylo vystav\u011bno nov\u00e9 d\u011btsk\u00e9 h\u0159i\u0161t\u011b.<\/p>\n<p>V kr\u00e1sn\u00e9 zahrad\u011b se nach\u00e1z\u00ed hned <strong>4 baz\u00e9ny<\/strong>, integrovan\u00fd d\u011btsk\u00fd baz\u00e9n, slune\u010dn\u00ed terasa a sanck bar. Leh\u00e1tka a slune\u010dn\u00edky jsou zdarma.<\/p>\n<p>Ve\u010dern\u00ed anima\u010dn\u00ed show, v cen\u011b aktivity jako je badminton, basketbal, volejbal, <strong>lukost\u0159elba<\/strong>, st\u0159elba ze vzduchovky, fotbal, gymnastika, tenis, stoln\u00ed tenis, vodn\u00ed p\u00f3lo. Za poplatek je kule\u010dn\u00edk.<\/p>\n","protected":false},"excerpt":{"rendered":"<p>Le\u0165te se svou rodinou v \u010dervnu na Mallorcu, za osm dn\u00ed s all inclusive pro dva dosp\u011bl\u00e9 a d\u00edt\u011b zaplat\u00edte 40.180,-. Term\u00edn 1.6. &#8211; 8.6.2017, odlet Mnichov. Z\u00e1toka Cala Antena s p\u00edse\u010dnou pl\u00e1\u017e\u00ed je vzd\u00e1lena cca 350 m, pl\u00e1\u017e Cala Domingos cca 1,4 km. Vybaven\u00ed hotelu bylo \u010d\u00e1ste\u010dn\u011b v roce 2016 rekonstruov\u00e1no a bylo vystav\u011bno &hellip; <a href=\"https:\/\/www.e-nemeckeck.cz\/blog\/2017\/02\/rodinna-dovolena-mallorce\/\" class=\"more-link\">Pokra\u010dov\u00e1n\u00ed textu <span class=\"screen-reader-text\">Rodinn\u00e1 dovolen\u00e1 na Mallorce<\/span><\/a><\/p>\n","protected":false},"author":2,"featured_media":0,"comment_status":"closed","ping_status":"closed","sticky":false,"template":"","format":"standard","meta":{"footnotes":""},"categories":[4],"tags":[],"class_list":["post-55","post","type-post","status-publish","format-standard","hentry","category-last-minute-a-jine"],"_links":{"self":[{"href":"https:\/\/www.e-nemeckeck.cz\/blog\/wp-json\/wp\/v2\/posts\/55","targetHints":{"allow":["GET"]}}],"collection":[{"href":"https:\/\/www.e-nemeckeck.cz\/blog\/wp-json\/wp\/v2\/posts"}],"about":[{"href":"https:\/\/www.e-nemeckeck.cz\/blog\/wp-json\/wp\/v2\/types\/post"}],"author":[{"embeddable":true,"href":"https:\/\/www.e-nemeckeck.cz\/blog\/wp-json\/wp\/v2\/users\/2"}],"replies":[{"embeddable":true,"href":"https:\/\/www.e-nemeckeck.cz\/blog\/wp-json\/wp\/v2\/comments?post=55"}],"version-history":[{"count":5,"href":"https:\/\/www.e-nemeckeck.cz\/blog\/wp-json\/wp\/v2\/posts\/55\/revisions"}],"predecessor-version":[{"id":90,"href":"https:\/\/www.e-nemeckeck.cz\/blog\/wp-json\/wp\/v2\/posts\/55\/revisions\/90"}],"wp:attachment":[{"href":"https:\/\/www.e-nemeckeck.cz\/blog\/wp-json\/wp\/v2\/media?parent=55"}],"wp:term":[{"taxonomy":"category","embeddable":true,"href":"https:\/\/www.e-nemeckeck.cz\/blog\/wp-json\/wp\/v2\/categories?post=55"},{"taxonomy":"post_tag","embeddable":true,"href":"https:\/\/www.e-nemeckeck.cz\/blog\/wp-json\/wp\/v2\/tags?post=55"}],"curies":[{"name":"wp","href":"https:\/\/api.w.org\/{rel}","templated":true}]}}