{"id":96,"date":"2017-05-25T09:59:22","date_gmt":"2017-05-25T07:59:22","guid":{"rendered":"https:\/\/www.e-nemeckeck.cz\/blog\/?p=96"},"modified":"2017-05-25T09:59:22","modified_gmt":"2017-05-25T07:59:22","slug":"apartmany-10-dni-kanarech-9-320","status":"publish","type":"post","link":"https:\/\/www.e-nemeckeck.cz\/blog\/2017\/05\/apartmany-10-dni-kanarech-9-320\/","title":{"rendered":"Apartm\u00e1ny 10 dn\u00ed na Kan\u00e1rech 9.320,-"},"content":{"rendered":"<p><img loading=\"lazy\" decoding=\"async\" class=\"alignnone size-full wp-image-97\" src=\"https:\/\/www.e-nemeckeck.cz\/blog\/wp-content\/uploads\/2017\/05\/apartmany-10-dni-na-kanarech.jpg\" alt=\"\" width=\"800\" height=\"600\" srcset=\"https:\/\/www.e-nemeckeck.cz\/blog\/wp-content\/uploads\/2017\/05\/apartmany-10-dni-na-kanarech.jpg 800w, https:\/\/www.e-nemeckeck.cz\/blog\/wp-content\/uploads\/2017\/05\/apartmany-10-dni-na-kanarech-300x225.jpg 300w, https:\/\/www.e-nemeckeck.cz\/blog\/wp-content\/uploads\/2017\/05\/apartmany-10-dni-na-kanarech-768x576.jpg 768w\" sizes=\"auto, (max-width: 800px) 100vw, 800px\" \/><\/p>\n<p>Vyu\u017eijte mo\u017enosti let\u011bt p\u0159es n\u011bmeckou cestovn\u00ed kancel\u00e1\u0159 a za v\u00fdrazn\u011b ni\u017e\u0161\u00ed cenu. Co t\u0159eba <strong>Kan\u00e1rsk\u00e9 ostrovy<\/strong>, <a href=\"https:\/\/www.e-nemeckeck.cz\/dovolena\/kanarske-ostrovy\/gran-canaria\/playa-del-ingles\">Playa Del Ingles<\/a> na deset dn\u00ed za <a href=\"https:\/\/www.e-nemeckeck.cz\/dovolena\/kanarske-ostrovy\/gran-canaria\/playa-del-ingles\/apartmany-appartements-walhalla\/termin?termin=580698363&amp;dite1=0&amp;dite2=0\">9.320,-<\/a>? Term\u00edn 28.5. &#8211; 7.6.2017 s odletem z Mnichova.<\/p>\n<p><a href=\"https:\/\/www.e-nemeckeck.cz\/dovolena\/kanarske-ostrovy\/gran-canaria\/playa-del-ingles\/apartmany-appartements-walhalla?co=terminy#zalozky\">Apatm\u00e1ny Appartements Walhalla ***<\/a> le\u017e\u00ed cca 500 metr\u016f od p\u00edse\u010dn\u00e9 pl\u00e1\u017ee. N\u00e1kupn\u00ed mo\u017enosti jsou 350 metr\u016f od komplexu. V zahrad\u011b are\u00e1lu je baz\u00e9n se slune\u010dn\u00ed terasou, leh\u00e1tka a slune\u010dn\u00edky v cen\u011b.<\/p>\n<p>Objekt nab\u00edz\u00ed <strong>d\u011btsk\u00fd baz\u00e9n<\/strong> a mal\u00e9 d\u011btsk\u00e9 h\u0159i\u0161t\u011b, d\u00e1le kule\u010dn\u00edk a pouze 3 kilometry se nach\u00e1z\u00ed golfov\u00e9 h\u0159i\u0161t\u011b.<\/p>\n","protected":false},"excerpt":{"rendered":"<p>Vyu\u017eijte mo\u017enosti let\u011bt p\u0159es n\u011bmeckou cestovn\u00ed kancel\u00e1\u0159 a za v\u00fdrazn\u011b ni\u017e\u0161\u00ed cenu. Co t\u0159eba Kan\u00e1rsk\u00e9 ostrovy, Playa Del Ingles na deset dn\u00ed za 9.320,-? Term\u00edn 28.5. &#8211; 7.6.2017 s odletem z Mnichova. Apatm\u00e1ny Appartements Walhalla *** le\u017e\u00ed cca 500 metr\u016f od p\u00edse\u010dn\u00e9 pl\u00e1\u017ee. N\u00e1kupn\u00ed mo\u017enosti jsou 350 metr\u016f od komplexu. V zahrad\u011b are\u00e1lu je baz\u00e9n &hellip; <a href=\"https:\/\/www.e-nemeckeck.cz\/blog\/2017\/05\/apartmany-10-dni-kanarech-9-320\/\" class=\"more-link\">Pokra\u010dov\u00e1n\u00ed textu <span class=\"screen-reader-text\">Apartm\u00e1ny 10 dn\u00ed na Kan\u00e1rech 9.320,-<\/span><\/a><\/p>\n","protected":false},"author":2,"featured_media":0,"comment_status":"closed","ping_status":"closed","sticky":false,"template":"","format":"standard","meta":{"footnotes":""},"categories":[4],"tags":[],"class_list":["post-96","post","type-post","status-publish","format-standard","hentry","category-last-minute-a-jine"],"_links":{"self":[{"href":"https:\/\/www.e-nemeckeck.cz\/blog\/wp-json\/wp\/v2\/posts\/96","targetHints":{"allow":["GET"]}}],"collection":[{"href":"https:\/\/www.e-nemeckeck.cz\/blog\/wp-json\/wp\/v2\/posts"}],"about":[{"href":"https:\/\/www.e-nemeckeck.cz\/blog\/wp-json\/wp\/v2\/types\/post"}],"author":[{"embeddable":true,"href":"https:\/\/www.e-nemeckeck.cz\/blog\/wp-json\/wp\/v2\/users\/2"}],"replies":[{"embeddable":true,"href":"https:\/\/www.e-nemeckeck.cz\/blog\/wp-json\/wp\/v2\/comments?post=96"}],"version-history":[{"count":1,"href":"https:\/\/www.e-nemeckeck.cz\/blog\/wp-json\/wp\/v2\/posts\/96\/revisions"}],"predecessor-version":[{"id":98,"href":"https:\/\/www.e-nemeckeck.cz\/blog\/wp-json\/wp\/v2\/posts\/96\/revisions\/98"}],"wp:attachment":[{"href":"https:\/\/www.e-nemeckeck.cz\/blog\/wp-json\/wp\/v2\/media?parent=96"}],"wp:term":[{"taxonomy":"category","embeddable":true,"href":"https:\/\/www.e-nemeckeck.cz\/blog\/wp-json\/wp\/v2\/categories?post=96"},{"taxonomy":"post_tag","embeddable":true,"href":"https:\/\/www.e-nemeckeck.cz\/blog\/wp-json\/wp\/v2\/tags?post=96"}],"curies":[{"name":"wp","href":"https:\/\/api.w.org\/{rel}","templated":true}]}}