{"id":99,"date":"2017-05-26T11:38:59","date_gmt":"2017-05-26T09:38:59","guid":{"rendered":"https:\/\/www.e-nemeckeck.cz\/blog\/?p=99"},"modified":"2017-05-26T11:38:59","modified_gmt":"2017-05-26T09:38:59","slug":"oblibena-mallorca-all-inclusive-17-800","status":"publish","type":"post","link":"https:\/\/www.e-nemeckeck.cz\/blog\/2017\/05\/oblibena-mallorca-all-inclusive-17-800\/","title":{"rendered":"Obl\u00edben\u00e1 Mallorca s all inclusive 17.800,-"},"content":{"rendered":"<p><img loading=\"lazy\" decoding=\"async\" class=\"alignnone size-full wp-image-100\" src=\"https:\/\/www.e-nemeckeck.cz\/blog\/wp-content\/uploads\/2017\/05\/oblibena-mallorca-s-all-inclusive.jpg\" alt=\"\" width=\"800\" height=\"600\" srcset=\"https:\/\/www.e-nemeckeck.cz\/blog\/wp-content\/uploads\/2017\/05\/oblibena-mallorca-s-all-inclusive.jpg 800w, https:\/\/www.e-nemeckeck.cz\/blog\/wp-content\/uploads\/2017\/05\/oblibena-mallorca-s-all-inclusive-300x225.jpg 300w, https:\/\/www.e-nemeckeck.cz\/blog\/wp-content\/uploads\/2017\/05\/oblibena-mallorca-s-all-inclusive-768x576.jpg 768w\" sizes=\"auto, (max-width: 800px) 100vw, 800px\" \/><\/p>\n<p><a href=\"https:\/\/www.e-nemeckeck.cz\/dovolena\/mallorca-menorca-ibiza\/mallorca\">Mallorca<\/a>, Sa Coma s <strong>all inclusive<\/strong> za <a href=\"https:\/\/www.e-nemeckeck.cz\/dovolena\/mallorca-menorca-ibiza\/mallorca\/sa-coma\/aparthotel-playa-dorada\/termin?termin=502032455&amp;dite1=0&amp;dite2=0\">17.800,-<\/a>. Term\u00edn 30.6. &#8211; 7.7.2017. Odlet Mnichov.<\/p>\n<p>Aparthotel <a href=\"https:\/\/www.e-nemeckeck.cz\/dovolena\/mallorca-menorca-ibiza\/mallorca\/sa-coma\/aparthotel-playa-dorada?co=terminy#zalozky\">Playa Dorada ***<\/a> se nach\u00e1z\u00ed hned u n\u00e1b\u0159e\u017e\u00ed p\u0159\u00edrodn\u00ed pl\u00e1\u017ee. P\u00eds\u010dit\u00e1 <strong>pl\u00e1\u017e Sa Coma<\/strong> je ve vzd\u00e1lenosti 150 metr\u016f.<\/p>\n<p>Venku p\u0159ed hotelem se nach\u00e1z\u00ed prostorn\u00fd baz\u00e9n se slune\u010dn\u00ed terasou. Leh\u00e1tka a slune\u010dn\u00edky jsou u baz\u00e9nu zdarma. Pro d\u011bti d\u011btsk\u00fd baz\u00e9n a d\u011btsk\u00e1 z\u00e1bava.<\/p>\n<p>V\u0161echny pokoje jsou \u00fatuln\u011b za\u0159\u00edzen\u00e9 v roce 2015\/16 pro\u0161ly <strong>rekonstrukc\u00ed<\/strong>. V cen\u011b zahrnuty \u0161ipky, gymnastika, st\u0159elba, stoln\u00ed tenis, volejbal, vodn\u00ed aerobik, vodn\u00ed p\u00f3lo.<\/p>\n","protected":false},"excerpt":{"rendered":"<p>Mallorca, Sa Coma s all inclusive za 17.800,-. Term\u00edn 30.6. &#8211; 7.7.2017. Odlet Mnichov. Aparthotel Playa Dorada *** se nach\u00e1z\u00ed hned u n\u00e1b\u0159e\u017e\u00ed p\u0159\u00edrodn\u00ed pl\u00e1\u017ee. P\u00eds\u010dit\u00e1 pl\u00e1\u017e Sa Coma je ve vzd\u00e1lenosti 150 metr\u016f. Venku p\u0159ed hotelem se nach\u00e1z\u00ed prostorn\u00fd baz\u00e9n se slune\u010dn\u00ed terasou. Leh\u00e1tka a slune\u010dn\u00edky jsou u baz\u00e9nu zdarma. Pro d\u011bti d\u011btsk\u00fd baz\u00e9n &hellip; <a href=\"https:\/\/www.e-nemeckeck.cz\/blog\/2017\/05\/oblibena-mallorca-all-inclusive-17-800\/\" class=\"more-link\">Pokra\u010dov\u00e1n\u00ed textu <span class=\"screen-reader-text\">Obl\u00edben\u00e1 Mallorca s all inclusive 17.800,-<\/span><\/a><\/p>\n","protected":false},"author":2,"featured_media":0,"comment_status":"closed","ping_status":"closed","sticky":false,"template":"","format":"standard","meta":{"footnotes":""},"categories":[4],"tags":[],"class_list":["post-99","post","type-post","status-publish","format-standard","hentry","category-last-minute-a-jine"],"_links":{"self":[{"href":"https:\/\/www.e-nemeckeck.cz\/blog\/wp-json\/wp\/v2\/posts\/99","targetHints":{"allow":["GET"]}}],"collection":[{"href":"https:\/\/www.e-nemeckeck.cz\/blog\/wp-json\/wp\/v2\/posts"}],"about":[{"href":"https:\/\/www.e-nemeckeck.cz\/blog\/wp-json\/wp\/v2\/types\/post"}],"author":[{"embeddable":true,"href":"https:\/\/www.e-nemeckeck.cz\/blog\/wp-json\/wp\/v2\/users\/2"}],"replies":[{"embeddable":true,"href":"https:\/\/www.e-nemeckeck.cz\/blog\/wp-json\/wp\/v2\/comments?post=99"}],"version-history":[{"count":1,"href":"https:\/\/www.e-nemeckeck.cz\/blog\/wp-json\/wp\/v2\/posts\/99\/revisions"}],"predecessor-version":[{"id":101,"href":"https:\/\/www.e-nemeckeck.cz\/blog\/wp-json\/wp\/v2\/posts\/99\/revisions\/101"}],"wp:attachment":[{"href":"https:\/\/www.e-nemeckeck.cz\/blog\/wp-json\/wp\/v2\/media?parent=99"}],"wp:term":[{"taxonomy":"category","embeddable":true,"href":"https:\/\/www.e-nemeckeck.cz\/blog\/wp-json\/wp\/v2\/categories?post=99"},{"taxonomy":"post_tag","embeddable":true,"href":"https:\/\/www.e-nemeckeck.cz\/blog\/wp-json\/wp\/v2\/tags?post=99"}],"curies":[{"name":"wp","href":"https:\/\/api.w.org\/{rel}","templated":true}]}}